{"id":2778828,"date":"2025-09-11T12:40:15","date_gmt":"2025-09-11T10:40:15","guid":{"rendered":"https:\/\/www.nooteboom.com\/all-exeptional-possede-la-plus-grande-remorque-surbaissee-nooteboom-de-belgique\/"},"modified":"2025-09-11T12:43:17","modified_gmt":"2025-09-11T10:43:17","slug":"all-exeptional-possede-la-plus-grande-remorque-surbaissee-nooteboom-de-belgique","status":"publish","type":"post","link":"https:\/\/www.nooteboom.com\/fr\/all-exeptional-possede-la-plus-grande-remorque-surbaissee-nooteboom-de-belgique\/","title":{"rendered":"All Exeptional poss\u00e8de la plus grande remorque surbaiss\u00e9e Nooteboom de Belgique."},"content":{"rendered":"<div class=\"wpb-content-wrapper\"><p>[vc_row][vc_column][vc_column_text]<strong>Le mercredi matin 10 septembre, avant m\u00eame l\u2019ouverture officielle du salon Matexpo, Erwin Hemels et son fils Jente Hemels ont pris possession de leur tout nouvel investissement : une impressionnante semi-remorque extra-surbaiss\u00e9e EURO-PX, dot\u00e9e de pas moins de dix lignes d\u2019essieux et d\u2019une capacit\u00e9 de charge de 124 tonnes. Avec ce v\u00e9hicule, All Exeptional transportera \u00e0 travers l\u2019Europe des pi\u00e8ces de machines de plus de 100 tonnes.<\/strong>[\/vc_column_text][vc_separator][\/vc_column][\/vc_row][vc_row][vc_column width=\u00a0\u00bb1\/2&Prime;][vc_column_text]Bas\u00e9e \u00e0 Drogenbos, pr\u00e8s de Bruxelles, All Exeptional est l\u2019entreprise d\u2019Erwin Hemels. Fond\u00e9e en 1996, alors qu\u2019il travaillait comme chauffeur ind\u00e9pendant, la soci\u00e9t\u00e9 est devenue au fil des ans un acteur reconnu, employant aujourd\u2019hui 48 collaborateurs. Depuis sa cr\u00e9ation, All Exeptional fait confiance aux semi-remorques Nooteboom. Le parc actuel de v\u00e9hicules comprend trente semi-remorques extra-surbaiss\u00e9es et surbaiss\u00e9es, install\u00e9es sur un terrain d\u20191,5 hectare.[\/vc_column_text][\/vc_column][vc_column width=\u00a0\u00bb1\/2&Prime;][vc_column_text]Avec ce nouvel investissement, All Exeptional dispose d\u00e9sormais de la plus grande semi-remorque extra-surbaiss\u00e9e Nooteboom de Belgique. Ce mod\u00e8le EURO-PX \u00e0 essieux pendulaires se compose d\u2019un train roulant 6 essieux associ\u00e9 \u00e0 un Interdolly 4 essieux. Afin de garantir une utilisation polyvalente, la semi-remorque est \u00e9quip\u00e9e d\u2019un plateau t\u00e9lescopique ainsi que d\u2019un adaptateur court pour le transport de charges compactes. De plus, All Exeptional a investi dans un Interdolly 2 essieux, permettant d\u2019utiliser la combinaison en configuration 2+6 pour transporter des machines TP, concasseurs et autres engins lourds.[\/vc_column_text][\/vc_column][\/vc_row][vc_row][vc_column width=\u00a0\u00bb1\/2&Prime;][vc_single_image image=\u00a0\u00bb2778835&Prime; img_size=\u00a0\u00bblarge\u00a0\u00bb add_caption=\u00a0\u00bbyes\u00a0\u00bb onclick=\u00a0\u00bblink_image\u00a0\u00bb][\/vc_column][vc_column width=\u00a0\u00bb1\/2&Prime;][vc_single_image image=\u00a0\u00bb2778346&Prime; img_size=\u00a0\u00bblarge\u00a0\u00bb onclick=\u00a0\u00bblink_image\u00a0\u00bb][\/vc_column][\/vc_row][vc_row][vc_column width=\u00a0\u00bb1\/2&Prime;][vc_column_text]Les visiteurs de Matexpo peuvent admirer cette semi-remorque exceptionnelle jusqu\u2019au dimanche 14 septembre, sur l\u2019esplanade d\u2019honneur \u00e0 l\u2019entr\u00e9e Sud.[\/vc_column_text][\/vc_column][vc_column width=\u00a0\u00bb1\/2&Prime;][vc_single_image image=\u00a0\u00bb2778352&Prime; img_size=\u00a0\u00bblarge\u00a0\u00bb onclick=\u00a0\u00bblink_image\u00a0\u00bb][\/vc_column][\/vc_row]<\/p>\n<\/div>","protected":false},"excerpt":{"rendered":"Le mercredi matin 10 septembre, avant m\u00eame l\u2019ouverture officielle du salon Matexpo, Erwin Hemels et son fils Jente Hemels ont pris possession de leur tout nouvel investissement : une impressionnante semi-remorque extra-surbaiss\u00e9e EURO-PX, dot\u00e9e de pas moins de dix lignes d\u2019essieux et d\u2019une capacit\u00e9 de charge de 124 tonnes. Avec ce v\u00e9hicule, All Exeptional transportera \u00e0 travers l\u2019Europe des pi\u00e8ces de machines de plus de 100 tonnes.","protected":false},"author":45,"featured_media":2778336,"comment_status":"closed","ping_status":"closed","sticky":false,"template":"","format":"standard","meta":{"_acf_changed":false,"inline_featured_image":false,"footnotes":""},"categories":[180],"tags":[],"class_list":["post-2778828","post","type-post","status-publish","format-standard","has-post-thumbnail","hentry","category-informations-nooteboom"],"acf":[],"yoast_head":"<!-- This site is optimized with the Yoast SEO Premium plugin v25.7.1 (Yoast SEO v25.7) - https:\/\/yoast.com\/wordpress\/plugins\/seo\/ -->\n<title>All Exeptional poss\u00e8de la plus grande remorque surbaiss\u00e9e Nooteboom de Belgique. | Nooteboom Trailers<\/title>\n<meta name=\"description\" content=\"Le mercredi matin 10 septembre, avant m\u00eame l\u2019ouverture officielle du salon Matexpo, Erwin Hemels et son fils Jente Hemels ont pris possession de leur tout nouvel investissement : une impressionnante semi-remorque extra-surbaiss\u00e9e EURO-PX, dot\u00e9e de pas moins de dix lignes d\u2019essieux et d\u2019une capacit\u00e9 de charge de 124 tonnes. Avec ce v\u00e9hicule, All Exeptional transportera \u00e0 travers l\u2019Europe des pi\u00e8ces de machines de plus de 100 tonnes. | Nooteboom Trailers\" \/>\n<meta name=\"robots\" content=\"index, follow, max-snippet:-1, max-image-preview:large, max-video-preview:-1\" \/>\n<link rel=\"canonical\" href=\"https:\/\/www.nooteboom.com\/fr\/all-exeptional-possede-la-plus-grande-remorque-surbaissee-nooteboom-de-belgique\/\" \/>\n<meta property=\"og:locale\" content=\"fr_FR\" \/>\n<meta property=\"og:type\" content=\"article\" \/>\n<meta property=\"og:title\" content=\"All Exeptional poss\u00e8de la plus grande remorque surbaiss\u00e9e Nooteboom de Belgique.\" \/>\n<meta property=\"og:description\" content=\"Le mercredi matin 10 septembre, avant m\u00eame l\u2019ouverture officielle du salon Matexpo, Erwin Hemels et son fils Jente Hemels ont pris possession de leur tout nouvel investissement : une impressionnante semi-remorque extra-surbaiss\u00e9e EURO-PX, dot\u00e9e de pas moins de dix lignes d\u2019essieux et d\u2019une capacit\u00e9 de charge de 124 tonnes. Avec ce v\u00e9hicule, All Exeptional transportera \u00e0 travers l\u2019Europe des pi\u00e8ces de machines de plus de 100 tonnes. | Nooteboom Trailers\" \/>\n<meta property=\"og:url\" content=\"https:\/\/www.nooteboom.com\/fr\/all-exeptional-possede-la-plus-grande-remorque-surbaissee-nooteboom-de-belgique\/\" \/>\n<meta property=\"og:site_name\" content=\"Nooteboom Trailers\" \/>\n<meta property=\"article:publisher\" content=\"https:\/\/nl-nl.facebook.com\/nooteboomtrailers\/\" \/>\n<meta property=\"article:published_time\" content=\"2025-09-11T10:40:15+00:00\" \/>\n<meta property=\"article:modified_time\" content=\"2025-09-11T10:43:17+00:00\" \/>\n<meta property=\"og:image\" content=\"https:\/\/www.nooteboom.com\/wp-content\/uploads\/All-Exeptional-Nooteboom-EURO-PX-46_1-1024x626.jpg\" \/>\n\t<meta property=\"og:image:width\" content=\"1024\" \/>\n\t<meta property=\"og:image:height\" content=\"626\" \/>\n\t<meta property=\"og:image:type\" content=\"image\/jpeg\" \/>\n<meta name=\"author\" content=\"Xander Kamphuis\" \/>\n<meta name=\"twitter:card\" content=\"summary_large_image\" \/>\n<meta name=\"twitter:label1\" content=\"\u00c9crit par\" \/>\n\t<meta name=\"twitter:data1\" content=\"Xander Kamphuis\" \/>\n\t<meta name=\"twitter:label2\" content=\"Dur\u00e9e de lecture estim\u00e9e\" \/>\n\t<meta name=\"twitter:data2\" content=\"2 minutes\" \/>\n<script type=\"application\/ld+json\" class=\"yoast-schema-graph\">{\"@context\":\"https:\/\/schema.org\",\"@graph\":[{\"@type\":\"Article\",\"@id\":\"https:\/\/www.nooteboom.com\/fr\/all-exeptional-possede-la-plus-grande-remorque-surbaissee-nooteboom-de-belgique\/#article\",\"isPartOf\":{\"@id\":\"https:\/\/www.nooteboom.com\/fr\/all-exeptional-possede-la-plus-grande-remorque-surbaissee-nooteboom-de-belgique\/\"},\"author\":{\"name\":\"Xander Kamphuis\",\"@id\":\"https:\/\/www.nooteboom.com\/fr\/#\/schema\/person\/375b5d0caf72eccb8a568826d6390b66\"},\"headline\":\"All Exeptional poss\u00e8de la plus grande remorque surbaiss\u00e9e Nooteboom de Belgique.\",\"datePublished\":\"2025-09-11T10:40:15+00:00\",\"dateModified\":\"2025-09-11T10:43:17+00:00\",\"mainEntityOfPage\":{\"@id\":\"https:\/\/www.nooteboom.com\/fr\/all-exeptional-possede-la-plus-grande-remorque-surbaissee-nooteboom-de-belgique\/\"},\"wordCount\":380,\"publisher\":{\"@id\":\"https:\/\/www.nooteboom.com\/fr\/#organization\"},\"image\":{\"@id\":\"https:\/\/www.nooteboom.com\/fr\/all-exeptional-possede-la-plus-grande-remorque-surbaissee-nooteboom-de-belgique\/#primaryimage\"},\"thumbnailUrl\":\"https:\/\/www.nooteboom.com\/wp-content\/uploads\/All-Exeptional-Nooteboom-EURO-PX-46_1-scaled.jpg\",\"articleSection\":[\"Informations Nooteboom\"],\"inLanguage\":\"fr-FR\"},{\"@type\":\"WebPage\",\"@id\":\"https:\/\/www.nooteboom.com\/fr\/all-exeptional-possede-la-plus-grande-remorque-surbaissee-nooteboom-de-belgique\/\",\"url\":\"https:\/\/www.nooteboom.com\/fr\/all-exeptional-possede-la-plus-grande-remorque-surbaissee-nooteboom-de-belgique\/\",\"name\":\"All Exeptional poss\u00e8de la plus grande remorque surbaiss\u00e9e Nooteboom de Belgique. | Nooteboom Trailers\",\"isPartOf\":{\"@id\":\"https:\/\/www.nooteboom.com\/fr\/#website\"},\"primaryImageOfPage\":{\"@id\":\"https:\/\/www.nooteboom.com\/fr\/all-exeptional-possede-la-plus-grande-remorque-surbaissee-nooteboom-de-belgique\/#primaryimage\"},\"image\":{\"@id\":\"https:\/\/www.nooteboom.com\/fr\/all-exeptional-possede-la-plus-grande-remorque-surbaissee-nooteboom-de-belgique\/#primaryimage\"},\"thumbnailUrl\":\"https:\/\/www.nooteboom.com\/wp-content\/uploads\/All-Exeptional-Nooteboom-EURO-PX-46_1-scaled.jpg\",\"datePublished\":\"2025-09-11T10:40:15+00:00\",\"dateModified\":\"2025-09-11T10:43:17+00:00\",\"description\":\"Le mercredi matin 10 septembre, avant m\u00eame l\u2019ouverture officielle du salon Matexpo, Erwin Hemels et son fils Jente Hemels ont pris possession de leur tout nouvel investissement : une impressionnante semi-remorque extra-surbaiss\u00e9e EURO-PX, dot\u00e9e de pas moins de dix lignes d\u2019essieux et d\u2019une capacit\u00e9 de charge de 124 tonnes. Avec ce v\u00e9hicule, All Exeptional transportera \u00e0 travers l\u2019Europe des pi\u00e8ces de machines de plus de 100 tonnes. | Nooteboom Trailers\",\"breadcrumb\":{\"@id\":\"https:\/\/www.nooteboom.com\/fr\/all-exeptional-possede-la-plus-grande-remorque-surbaissee-nooteboom-de-belgique\/#breadcrumb\"},\"inLanguage\":\"fr-FR\",\"potentialAction\":[{\"@type\":\"ReadAction\",\"target\":[\"https:\/\/www.nooteboom.com\/fr\/all-exeptional-possede-la-plus-grande-remorque-surbaissee-nooteboom-de-belgique\/\"]}]},{\"@type\":\"ImageObject\",\"inLanguage\":\"fr-FR\",\"@id\":\"https:\/\/www.nooteboom.com\/fr\/all-exeptional-possede-la-plus-grande-remorque-surbaissee-nooteboom-de-belgique\/#primaryimage\",\"url\":\"https:\/\/www.nooteboom.com\/wp-content\/uploads\/All-Exeptional-Nooteboom-EURO-PX-46_1-scaled.jpg\",\"contentUrl\":\"https:\/\/www.nooteboom.com\/wp-content\/uploads\/All-Exeptional-Nooteboom-EURO-PX-46_1-scaled.jpg\",\"width\":2048,\"height\":1252,\"caption\":\"Van links naar rechts: Erwin Hemels (All Exeptional), Willem Thijssen (Nooteboom) en Jente Hemels (All Exeptional)\"},{\"@type\":\"BreadcrumbList\",\"@id\":\"https:\/\/www.nooteboom.com\/fr\/all-exeptional-possede-la-plus-grande-remorque-surbaissee-nooteboom-de-belgique\/#breadcrumb\",\"itemListElement\":[{\"@type\":\"ListItem\",\"position\":1,\"name\":\"Home\",\"item\":\"https:\/\/www.nooteboom.com\/fr\/\"},{\"@type\":\"ListItem\",\"position\":2,\"name\":\"All Exeptional poss\u00e8de la plus grande remorque surbaiss\u00e9e Nooteboom de Belgique.\"}]},{\"@type\":\"WebSite\",\"@id\":\"https:\/\/www.nooteboom.com\/fr\/#website\",\"url\":\"https:\/\/www.nooteboom.com\/fr\/\",\"name\":\"Nooteboom Trailers\",\"description\":\"Gets you there.\",\"publisher\":{\"@id\":\"https:\/\/www.nooteboom.com\/fr\/#organization\"},\"potentialAction\":[{\"@type\":\"SearchAction\",\"target\":{\"@type\":\"EntryPoint\",\"urlTemplate\":\"https:\/\/www.nooteboom.com\/fr\/?s={search_term_string}\"},\"query-input\":{\"@type\":\"PropertyValueSpecification\",\"valueRequired\":true,\"valueName\":\"search_term_string\"}}],\"inLanguage\":\"fr-FR\"},{\"@type\":\"Organization\",\"@id\":\"https:\/\/www.nooteboom.com\/fr\/#organization\",\"name\":\"Nooteboom Trailers\",\"url\":\"https:\/\/www.nooteboom.com\/fr\/\",\"logo\":{\"@type\":\"ImageObject\",\"inLanguage\":\"fr-FR\",\"@id\":\"https:\/\/www.nooteboom.com\/fr\/#\/schema\/logo\/image\/\",\"url\":\"https:\/\/www.nooteboom.com\/wp-content\/uploads\/logo.png\",\"contentUrl\":\"https:\/\/www.nooteboom.com\/wp-content\/uploads\/logo.png\",\"width\":111,\"height\":66,\"caption\":\"Nooteboom Trailers\"},\"image\":{\"@id\":\"https:\/\/www.nooteboom.com\/fr\/#\/schema\/logo\/image\/\"},\"sameAs\":[\"https:\/\/nl-nl.facebook.com\/nooteboomtrailers\/\",\"https:\/\/nl.linkedin.com\/company\/nooteboom-trailers\",\"https:\/\/www.youtube.com\/user\/Nooteboomtrailers\"]},{\"@type\":\"Person\",\"@id\":\"https:\/\/www.nooteboom.com\/fr\/#\/schema\/person\/375b5d0caf72eccb8a568826d6390b66\",\"name\":\"Xander Kamphuis\",\"image\":{\"@type\":\"ImageObject\",\"inLanguage\":\"fr-FR\",\"@id\":\"https:\/\/www.nooteboom.com\/fr\/#\/schema\/person\/image\/\",\"url\":\"https:\/\/secure.gravatar.com\/avatar\/a65af99837c9e097867d15cf2c32d9c4?s=96&d=mm&r=g\",\"contentUrl\":\"https:\/\/secure.gravatar.com\/avatar\/a65af99837c9e097867d15cf2c32d9c4?s=96&d=mm&r=g\",\"caption\":\"Xander Kamphuis\"}}]}<\/script>\n<!-- \/ Yoast SEO Premium plugin. -->","yoast_head_json":{"title":"All Exeptional poss\u00e8de la plus grande remorque surbaiss\u00e9e Nooteboom de Belgique. | Nooteboom Trailers","description":"Le mercredi matin 10 septembre, avant m\u00eame l\u2019ouverture officielle du salon Matexpo, Erwin Hemels et son fils Jente Hemels ont pris possession de leur tout nouvel investissement : une impressionnante semi-remorque extra-surbaiss\u00e9e EURO-PX, dot\u00e9e de pas moins de dix lignes d\u2019essieux et d\u2019une capacit\u00e9 de charge de 124 tonnes. Avec ce v\u00e9hicule, All Exeptional transportera \u00e0 travers l\u2019Europe des pi\u00e8ces de machines de plus de 100 tonnes. | Nooteboom Trailers","robots":{"index":"index","follow":"follow","max-snippet":"max-snippet:-1","max-image-preview":"max-image-preview:large","max-video-preview":"max-video-preview:-1"},"canonical":"https:\/\/www.nooteboom.com\/fr\/all-exeptional-possede-la-plus-grande-remorque-surbaissee-nooteboom-de-belgique\/","og_locale":"fr_FR","og_type":"article","og_title":"All Exeptional poss\u00e8de la plus grande remorque surbaiss\u00e9e Nooteboom de Belgique.","og_description":"Le mercredi matin 10 septembre, avant m\u00eame l\u2019ouverture officielle du salon Matexpo, Erwin Hemels et son fils Jente Hemels ont pris possession de leur tout nouvel investissement : une impressionnante semi-remorque extra-surbaiss\u00e9e EURO-PX, dot\u00e9e de pas moins de dix lignes d\u2019essieux et d\u2019une capacit\u00e9 de charge de 124 tonnes. Avec ce v\u00e9hicule, All Exeptional transportera \u00e0 travers l\u2019Europe des pi\u00e8ces de machines de plus de 100 tonnes. | Nooteboom Trailers","og_url":"https:\/\/www.nooteboom.com\/fr\/all-exeptional-possede-la-plus-grande-remorque-surbaissee-nooteboom-de-belgique\/","og_site_name":"Nooteboom Trailers","article_publisher":"https:\/\/nl-nl.facebook.com\/nooteboomtrailers\/","article_published_time":"2025-09-11T10:40:15+00:00","article_modified_time":"2025-09-11T10:43:17+00:00","og_image":[{"width":1024,"height":626,"url":"https:\/\/www.nooteboom.com\/wp-content\/uploads\/All-Exeptional-Nooteboom-EURO-PX-46_1-1024x626.jpg","type":"image\/jpeg"}],"author":"Xander Kamphuis","twitter_card":"summary_large_image","twitter_misc":{"\u00c9crit par":"Xander Kamphuis","Dur\u00e9e de lecture estim\u00e9e":"2 minutes"},"schema":{"@context":"https:\/\/schema.org","@graph":[{"@type":"Article","@id":"https:\/\/www.nooteboom.com\/fr\/all-exeptional-possede-la-plus-grande-remorque-surbaissee-nooteboom-de-belgique\/#article","isPartOf":{"@id":"https:\/\/www.nooteboom.com\/fr\/all-exeptional-possede-la-plus-grande-remorque-surbaissee-nooteboom-de-belgique\/"},"author":{"name":"Xander Kamphuis","@id":"https:\/\/www.nooteboom.com\/fr\/#\/schema\/person\/375b5d0caf72eccb8a568826d6390b66"},"headline":"All Exeptional poss\u00e8de la plus grande remorque surbaiss\u00e9e Nooteboom de Belgique.","datePublished":"2025-09-11T10:40:15+00:00","dateModified":"2025-09-11T10:43:17+00:00","mainEntityOfPage":{"@id":"https:\/\/www.nooteboom.com\/fr\/all-exeptional-possede-la-plus-grande-remorque-surbaissee-nooteboom-de-belgique\/"},"wordCount":380,"publisher":{"@id":"https:\/\/www.nooteboom.com\/fr\/#organization"},"image":{"@id":"https:\/\/www.nooteboom.com\/fr\/all-exeptional-possede-la-plus-grande-remorque-surbaissee-nooteboom-de-belgique\/#primaryimage"},"thumbnailUrl":"https:\/\/www.nooteboom.com\/wp-content\/uploads\/All-Exeptional-Nooteboom-EURO-PX-46_1-scaled.jpg","articleSection":["Informations Nooteboom"],"inLanguage":"fr-FR"},{"@type":"WebPage","@id":"https:\/\/www.nooteboom.com\/fr\/all-exeptional-possede-la-plus-grande-remorque-surbaissee-nooteboom-de-belgique\/","url":"https:\/\/www.nooteboom.com\/fr\/all-exeptional-possede-la-plus-grande-remorque-surbaissee-nooteboom-de-belgique\/","name":"All Exeptional poss\u00e8de la plus grande remorque surbaiss\u00e9e Nooteboom de Belgique. | Nooteboom Trailers","isPartOf":{"@id":"https:\/\/www.nooteboom.com\/fr\/#website"},"primaryImageOfPage":{"@id":"https:\/\/www.nooteboom.com\/fr\/all-exeptional-possede-la-plus-grande-remorque-surbaissee-nooteboom-de-belgique\/#primaryimage"},"image":{"@id":"https:\/\/www.nooteboom.com\/fr\/all-exeptional-possede-la-plus-grande-remorque-surbaissee-nooteboom-de-belgique\/#primaryimage"},"thumbnailUrl":"https:\/\/www.nooteboom.com\/wp-content\/uploads\/All-Exeptional-Nooteboom-EURO-PX-46_1-scaled.jpg","datePublished":"2025-09-11T10:40:15+00:00","dateModified":"2025-09-11T10:43:17+00:00","description":"Le mercredi matin 10 septembre, avant m\u00eame l\u2019ouverture officielle du salon Matexpo, Erwin Hemels et son fils Jente Hemels ont pris possession de leur tout nouvel investissement : une impressionnante semi-remorque extra-surbaiss\u00e9e EURO-PX, dot\u00e9e de pas moins de dix lignes d\u2019essieux et d\u2019une capacit\u00e9 de charge de 124 tonnes. Avec ce v\u00e9hicule, All Exeptional transportera \u00e0 travers l\u2019Europe des pi\u00e8ces de machines de plus de 100 tonnes. | Nooteboom Trailers","breadcrumb":{"@id":"https:\/\/www.nooteboom.com\/fr\/all-exeptional-possede-la-plus-grande-remorque-surbaissee-nooteboom-de-belgique\/#breadcrumb"},"inLanguage":"fr-FR","potentialAction":[{"@type":"ReadAction","target":["https:\/\/www.nooteboom.com\/fr\/all-exeptional-possede-la-plus-grande-remorque-surbaissee-nooteboom-de-belgique\/"]}]},{"@type":"ImageObject","inLanguage":"fr-FR","@id":"https:\/\/www.nooteboom.com\/fr\/all-exeptional-possede-la-plus-grande-remorque-surbaissee-nooteboom-de-belgique\/#primaryimage","url":"https:\/\/www.nooteboom.com\/wp-content\/uploads\/All-Exeptional-Nooteboom-EURO-PX-46_1-scaled.jpg","contentUrl":"https:\/\/www.nooteboom.com\/wp-content\/uploads\/All-Exeptional-Nooteboom-EURO-PX-46_1-scaled.jpg","width":2048,"height":1252,"caption":"Van links naar rechts: Erwin Hemels (All Exeptional), Willem Thijssen (Nooteboom) en Jente Hemels (All Exeptional)"},{"@type":"BreadcrumbList","@id":"https:\/\/www.nooteboom.com\/fr\/all-exeptional-possede-la-plus-grande-remorque-surbaissee-nooteboom-de-belgique\/#breadcrumb","itemListElement":[{"@type":"ListItem","position":1,"name":"Home","item":"https:\/\/www.nooteboom.com\/fr\/"},{"@type":"ListItem","position":2,"name":"All Exeptional poss\u00e8de la plus grande remorque surbaiss\u00e9e Nooteboom de Belgique."}]},{"@type":"WebSite","@id":"https:\/\/www.nooteboom.com\/fr\/#website","url":"https:\/\/www.nooteboom.com\/fr\/","name":"Nooteboom Trailers","description":"Gets you there.","publisher":{"@id":"https:\/\/www.nooteboom.com\/fr\/#organization"},"potentialAction":[{"@type":"SearchAction","target":{"@type":"EntryPoint","urlTemplate":"https:\/\/www.nooteboom.com\/fr\/?s={search_term_string}"},"query-input":{"@type":"PropertyValueSpecification","valueRequired":true,"valueName":"search_term_string"}}],"inLanguage":"fr-FR"},{"@type":"Organization","@id":"https:\/\/www.nooteboom.com\/fr\/#organization","name":"Nooteboom Trailers","url":"https:\/\/www.nooteboom.com\/fr\/","logo":{"@type":"ImageObject","inLanguage":"fr-FR","@id":"https:\/\/www.nooteboom.com\/fr\/#\/schema\/logo\/image\/","url":"https:\/\/www.nooteboom.com\/wp-content\/uploads\/logo.png","contentUrl":"https:\/\/www.nooteboom.com\/wp-content\/uploads\/logo.png","width":111,"height":66,"caption":"Nooteboom Trailers"},"image":{"@id":"https:\/\/www.nooteboom.com\/fr\/#\/schema\/logo\/image\/"},"sameAs":["https:\/\/nl-nl.facebook.com\/nooteboomtrailers\/","https:\/\/nl.linkedin.com\/company\/nooteboom-trailers","https:\/\/www.youtube.com\/user\/Nooteboomtrailers"]},{"@type":"Person","@id":"https:\/\/www.nooteboom.com\/fr\/#\/schema\/person\/375b5d0caf72eccb8a568826d6390b66","name":"Xander Kamphuis","image":{"@type":"ImageObject","inLanguage":"fr-FR","@id":"https:\/\/www.nooteboom.com\/fr\/#\/schema\/person\/image\/","url":"https:\/\/secure.gravatar.com\/avatar\/a65af99837c9e097867d15cf2c32d9c4?s=96&d=mm&r=g","contentUrl":"https:\/\/secure.gravatar.com\/avatar\/a65af99837c9e097867d15cf2c32d9c4?s=96&d=mm&r=g","caption":"Xander Kamphuis"}}]}},"_links":{"self":[{"href":"https:\/\/www.nooteboom.com\/fr\/wp-json\/wp\/v2\/posts\/2778828","targetHints":{"allow":["GET"]}}],"collection":[{"href":"https:\/\/www.nooteboom.com\/fr\/wp-json\/wp\/v2\/posts"}],"about":[{"href":"https:\/\/www.nooteboom.com\/fr\/wp-json\/wp\/v2\/types\/post"}],"author":[{"embeddable":true,"href":"https:\/\/www.nooteboom.com\/fr\/wp-json\/wp\/v2\/users\/45"}],"replies":[{"embeddable":true,"href":"https:\/\/www.nooteboom.com\/fr\/wp-json\/wp\/v2\/comments?post=2778828"}],"version-history":[{"count":7,"href":"https:\/\/www.nooteboom.com\/fr\/wp-json\/wp\/v2\/posts\/2778828\/revisions"}],"predecessor-version":[{"id":2778842,"href":"https:\/\/www.nooteboom.com\/fr\/wp-json\/wp\/v2\/posts\/2778828\/revisions\/2778842"}],"wp:featuredmedia":[{"embeddable":true,"href":"https:\/\/www.nooteboom.com\/fr\/wp-json\/wp\/v2\/media\/2778336"}],"wp:attachment":[{"href":"https:\/\/www.nooteboom.com\/fr\/wp-json\/wp\/v2\/media?parent=2778828"}],"wp:term":[{"taxonomy":"category","embeddable":true,"href":"https:\/\/www.nooteboom.com\/fr\/wp-json\/wp\/v2\/categories?post=2778828"},{"taxonomy":"post_tag","embeddable":true,"href":"https:\/\/www.nooteboom.com\/fr\/wp-json\/wp\/v2\/tags?post=2778828"}],"curies":[{"name":"wp","href":"https:\/\/api.w.org\/{rel}","templated":true}]}}