{"id":2206652,"date":"2024-08-26T11:24:50","date_gmt":"2024-08-26T09:24:50","guid":{"rendered":"https:\/\/www.nooteboom.com\/visitez-nous-lors-des-demodays-au-terril-saint-antoine-a-boussu-dour-les-6-7-et-8-septembre\/"},"modified":"2024-08-26T11:26:11","modified_gmt":"2024-08-26T09:26:11","slug":"visitez-nous-lors-des-demodays-au-terril-saint-antoine-a-boussu-dour-les-6-7-et-8-septembre","status":"publish","type":"post","link":"https:\/\/www.nooteboom.com\/fr\/visitez-nous-lors-des-demodays-au-terril-saint-antoine-a-boussu-dour-les-6-7-et-8-septembre\/","title":{"rendered":"Visitez-nous lors des DemoDays au Terril Saint-Antoine \u00e0 Boussu-Dour les 6, 7 et 8 septembre"},"content":{"rendered":"<div class=\"wpb-content-wrapper\"><p>[vc_row][vc_column width=\u00a0\u00bb3\/4&Prime;][vc_column_text]Nooteboom sera pr\u00e9sent aux DemoDays au Terril Saint-Antoine \u00e0 Boussu en Belgique les 6, 7 et 8 septembre. Les DemoDays sont le salon professionnel en plein air pour le secteur de la construction.<\/p>\n<p>Cette ann\u00e9e, Nooteboom Trailers fait ses d\u00e9buts aux DemoDays, l&rsquo;\u00e9v\u00e9nement biennal ax\u00e9 sur la d\u00e9monstration et le test de machines en fonctionnement et en mouvement. Avec plus de 20 ans de participation r\u00e9ussie \u00e0 Matexpo, organis\u00e9 par la m\u00eame \u00e9quipe, Nooteboom a une grande confiance dans les DemoDays.[\/vc_column_text][vc_empty_space height=\u00a0\u00bb50px\u00a0\u00bb][\/vc_column][vc_column width=\u00a0\u00bb1\/4&Prime;][vc_row_inner css=\u00a0\u00bb.vc_custom_1724662281077{background-color: #d6002a !important;}\u00a0\u00bb][vc_column_inner][vc_single_image image=\u00a0\u00bb2205986&Prime; img_size=\u00a0\u00bbmedium\u00a0\u00bb alignment=\u00a0\u00bbcenter\u00a0\u00bb][\/vc_column_inner][\/vc_row_inner][\/vc_column][\/vc_row][vc_row][vc_column width=\u00a0\u00bb1\/2&Prime;][vc_column_text]Nooteboom poss\u00e8de une vaste connaissance du march\u00e9 des machines de construction et des exigences sp\u00e9cifiques en mati\u00e8re de transport. Des petites machines de construction de moins de 20 tonnes aux tr\u00e8s grandes machines de construction jusqu&rsquo;\u00e0 150 tonnes, chaque machine impose ses propres exigences pour un transport efficace et s\u00e9curis\u00e9. Les DemoDays offrent \u00e0 Nooteboom une excellente opportunit\u00e9 de montrer comment toutes leurs excavatrices, machines, camions, bennes, accessoires et autres \u00e9quipements peuvent \u00eatre transport\u00e9s de la mani\u00e8re la plus solide et la plus s\u00fbre.[\/vc_column_text][\/vc_column][vc_column width=\u00a0\u00bb1\/2&Prime;][vc_single_image image=\u00a0\u00bb2205993&Prime; img_size=\u00a0\u00bblarge\u00a0\u00bb alignment=\u00a0\u00bbright\u00a0\u00bb][\/vc_column][\/vc_row][vc_row][vc_column width=\u00a0\u00bb1\/2&Prime;][vc_column_text]Nooteboom sera pr\u00e9sent aux DemoDays avec deux remorques : la semi-remorque Manoovr \u00e0 6 essieux d&rsquo;All Exeptional et la semi-remorque basse MCOS \u00e0 3 essieux. Ce dernier v\u00e9hicule est disponible imm\u00e9diatement et peut \u00eatre achet\u00e9 pendant les DemoDays.[\/vc_column_text][\/vc_column][vc_column width=\u00a0\u00bb1\/2&Prime;][vc_column_text]L&rsquo;\u00e9quipe Benelux de Nooteboom se r\u00e9jouit de vous accueillir sur leur stand lors des DemoDays 2024, le vendredi 6, samedi 7 et dimanche 8 septembre \u00e0 Terril Saint-Antoine \u00e0 Boussu. Les vendeurs de notre distributeur de la gamme SMART, TRC situ\u00e9 \u00e0 Houthalen, seront \u00e9galement pr\u00e9sents sur notre stand.[\/vc_column_text][vc_btn title=\u00a0\u00bbCommandez vos billets ici\u00a0\u00bb color=\u00a0\u00bbgreen\u00a0\u00bb link=\u00a0\u00bburl:https%3A%2F%2Fregister.visitcloud.com%2Fsurvey%2F2l2nevtyhnfx3%3Factioncode%3DNTWO000035UMH%26partner-contact%3D32pi0v4uooq33%20|target:_blank|\u00a0\u00bb][\/vc_column][\/vc_row]<\/p>\n<\/div>","protected":false},"excerpt":{"rendered":"Nooteboom sera pr\u00e9sent aux DemoDays au Terril Saint-Antoine \u00e0 Boussu-Dour en Belgique les 6, 7 et 8 septembre. Les DemoDays sont le salon professionnel en plein air pour le secteur de la construction. Cette ann\u00e9e, Nooteboom Trailers fait ses d\u00e9buts aux DemoDays, l&rsquo;\u00e9v\u00e9nement biennal ax\u00e9 sur la d\u00e9monstration et le test de machines en fonctionnement et en mouvement. Avec plus de 20 ans de participation r\u00e9ussie \u00e0 Matexpo, organis\u00e9 par la m\u00eame \u00e9quipe, Nooteboom a une grande confiance dans les DemoDays.\r\n","protected":false},"author":45,"featured_media":2205995,"comment_status":"closed","ping_status":"closed","sticky":false,"template":"","format":"standard","meta":{"_acf_changed":false,"inline_featured_image":false,"footnotes":""},"categories":[180],"tags":[],"class_list":["post-2206652","post","type-post","status-publish","format-standard","has-post-thumbnail","hentry","category-informations-nooteboom"],"acf":[],"yoast_head":"<!-- This site is optimized with the Yoast SEO Premium plugin v25.7.1 (Yoast SEO v25.7) - https:\/\/yoast.com\/wordpress\/plugins\/seo\/ -->\n<title>Visitez-nous lors des DemoDays au Terril Saint-Antoine \u00e0 Boussu-Dour les 6, 7 et 8 septembre | Nooteboom Trailers<\/title>\n<meta name=\"description\" content=\"Nooteboom sera pr\u00e9sent aux DemoDays au Terril Saint-Antoine \u00e0 Boussu-Dour en Belgique les 6, 7 et 8 septembre. Les DemoDays sont le salon professionnel en plein air pour le secteur de la construction. Cette ann\u00e9e, Nooteboom Trailers fait ses d\u00e9buts aux DemoDays, l&#039;\u00e9v\u00e9nement biennal ax\u00e9 sur la d\u00e9monstration et le test de machines en fonctionnement et en mouvement. Avec plus de 20 ans de participation r\u00e9ussie \u00e0 Matexpo, organis\u00e9 par la m\u00eame \u00e9quipe, Nooteboom a une grande confiance dans les DemoDays. | Nooteboom Trailers\" \/>\n<meta name=\"robots\" content=\"index, follow, max-snippet:-1, max-image-preview:large, max-video-preview:-1\" \/>\n<link rel=\"canonical\" href=\"https:\/\/www.nooteboom.com\/fr\/visitez-nous-lors-des-demodays-au-terril-saint-antoine-a-boussu-dour-les-6-7-et-8-septembre\/\" \/>\n<meta property=\"og:locale\" content=\"fr_FR\" \/>\n<meta property=\"og:type\" content=\"article\" \/>\n<meta property=\"og:title\" content=\"Visitez-nous lors des DemoDays au Terril Saint-Antoine \u00e0 Boussu-Dour les 6, 7 et 8 septembre\" \/>\n<meta property=\"og:description\" content=\"Nooteboom sera pr\u00e9sent aux DemoDays au Terril Saint-Antoine \u00e0 Boussu-Dour en Belgique les 6, 7 et 8 septembre. Les DemoDays sont le salon professionnel en plein air pour le secteur de la construction. Cette ann\u00e9e, Nooteboom Trailers fait ses d\u00e9buts aux DemoDays, l&#039;\u00e9v\u00e9nement biennal ax\u00e9 sur la d\u00e9monstration et le test de machines en fonctionnement et en mouvement. Avec plus de 20 ans de participation r\u00e9ussie \u00e0 Matexpo, organis\u00e9 par la m\u00eame \u00e9quipe, Nooteboom a une grande confiance dans les DemoDays. | Nooteboom Trailers\" \/>\n<meta property=\"og:url\" content=\"https:\/\/www.nooteboom.com\/fr\/visitez-nous-lors-des-demodays-au-terril-saint-antoine-a-boussu-dour-les-6-7-et-8-septembre\/\" \/>\n<meta property=\"og:site_name\" content=\"Nooteboom Trailers\" \/>\n<meta property=\"article:publisher\" content=\"https:\/\/nl-nl.facebook.com\/nooteboomtrailers\/\" \/>\n<meta property=\"article:published_time\" content=\"2024-08-26T09:24:50+00:00\" \/>\n<meta property=\"article:modified_time\" content=\"2024-08-26T09:26:11+00:00\" \/>\n<meta property=\"og:image\" content=\"https:\/\/www.nooteboom.com\/wp-content\/uploads\/Screenshot-2024-08-26-at-10.32.19.png\" \/>\n\t<meta property=\"og:image:width\" content=\"1121\" \/>\n\t<meta property=\"og:image:height\" content=\"597\" \/>\n\t<meta property=\"og:image:type\" content=\"image\/png\" \/>\n<meta name=\"author\" content=\"Xander Kamphuis\" \/>\n<meta name=\"twitter:card\" content=\"summary_large_image\" \/>\n<meta name=\"twitter:label1\" content=\"\u00c9crit par\" \/>\n\t<meta name=\"twitter:data1\" content=\"Xander Kamphuis\" \/>\n\t<meta name=\"twitter:label2\" content=\"Dur\u00e9e de lecture estim\u00e9e\" \/>\n\t<meta name=\"twitter:data2\" content=\"2 minutes\" \/>\n<script type=\"application\/ld+json\" class=\"yoast-schema-graph\">{\"@context\":\"https:\/\/schema.org\",\"@graph\":[{\"@type\":\"Article\",\"@id\":\"https:\/\/www.nooteboom.com\/fr\/visitez-nous-lors-des-demodays-au-terril-saint-antoine-a-boussu-dour-les-6-7-et-8-septembre\/#article\",\"isPartOf\":{\"@id\":\"https:\/\/www.nooteboom.com\/fr\/visitez-nous-lors-des-demodays-au-terril-saint-antoine-a-boussu-dour-les-6-7-et-8-septembre\/\"},\"author\":{\"name\":\"Xander Kamphuis\",\"@id\":\"https:\/\/www.nooteboom.com\/fr\/#\/schema\/person\/375b5d0caf72eccb8a568826d6390b66\"},\"headline\":\"Visitez-nous lors des DemoDays au Terril Saint-Antoine \u00e0 Boussu-Dour les 6, 7 et 8 septembre\",\"datePublished\":\"2024-08-26T09:24:50+00:00\",\"dateModified\":\"2024-08-26T09:26:11+00:00\",\"mainEntityOfPage\":{\"@id\":\"https:\/\/www.nooteboom.com\/fr\/visitez-nous-lors-des-demodays-au-terril-saint-antoine-a-boussu-dour-les-6-7-et-8-septembre\/\"},\"wordCount\":404,\"publisher\":{\"@id\":\"https:\/\/www.nooteboom.com\/fr\/#organization\"},\"image\":{\"@id\":\"https:\/\/www.nooteboom.com\/fr\/visitez-nous-lors-des-demodays-au-terril-saint-antoine-a-boussu-dour-les-6-7-et-8-septembre\/#primaryimage\"},\"thumbnailUrl\":\"https:\/\/www.nooteboom.com\/wp-content\/uploads\/Screenshot-2024-08-26-at-10.32.19.png\",\"articleSection\":[\"Informations Nooteboom\"],\"inLanguage\":\"fr-FR\"},{\"@type\":\"WebPage\",\"@id\":\"https:\/\/www.nooteboom.com\/fr\/visitez-nous-lors-des-demodays-au-terril-saint-antoine-a-boussu-dour-les-6-7-et-8-septembre\/\",\"url\":\"https:\/\/www.nooteboom.com\/fr\/visitez-nous-lors-des-demodays-au-terril-saint-antoine-a-boussu-dour-les-6-7-et-8-septembre\/\",\"name\":\"Visitez-nous lors des DemoDays au Terril Saint-Antoine \u00e0 Boussu-Dour les 6, 7 et 8 septembre | Nooteboom Trailers\",\"isPartOf\":{\"@id\":\"https:\/\/www.nooteboom.com\/fr\/#website\"},\"primaryImageOfPage\":{\"@id\":\"https:\/\/www.nooteboom.com\/fr\/visitez-nous-lors-des-demodays-au-terril-saint-antoine-a-boussu-dour-les-6-7-et-8-septembre\/#primaryimage\"},\"image\":{\"@id\":\"https:\/\/www.nooteboom.com\/fr\/visitez-nous-lors-des-demodays-au-terril-saint-antoine-a-boussu-dour-les-6-7-et-8-septembre\/#primaryimage\"},\"thumbnailUrl\":\"https:\/\/www.nooteboom.com\/wp-content\/uploads\/Screenshot-2024-08-26-at-10.32.19.png\",\"datePublished\":\"2024-08-26T09:24:50+00:00\",\"dateModified\":\"2024-08-26T09:26:11+00:00\",\"description\":\"Nooteboom sera pr\u00e9sent aux DemoDays au Terril Saint-Antoine \u00e0 Boussu-Dour en Belgique les 6, 7 et 8 septembre. Les DemoDays sont le salon professionnel en plein air pour le secteur de la construction. Cette ann\u00e9e, Nooteboom Trailers fait ses d\u00e9buts aux DemoDays, l'\u00e9v\u00e9nement biennal ax\u00e9 sur la d\u00e9monstration et le test de machines en fonctionnement et en mouvement. Avec plus de 20 ans de participation r\u00e9ussie \u00e0 Matexpo, organis\u00e9 par la m\u00eame \u00e9quipe, Nooteboom a une grande confiance dans les DemoDays. | Nooteboom Trailers\",\"breadcrumb\":{\"@id\":\"https:\/\/www.nooteboom.com\/fr\/visitez-nous-lors-des-demodays-au-terril-saint-antoine-a-boussu-dour-les-6-7-et-8-septembre\/#breadcrumb\"},\"inLanguage\":\"fr-FR\",\"potentialAction\":[{\"@type\":\"ReadAction\",\"target\":[\"https:\/\/www.nooteboom.com\/fr\/visitez-nous-lors-des-demodays-au-terril-saint-antoine-a-boussu-dour-les-6-7-et-8-septembre\/\"]}]},{\"@type\":\"ImageObject\",\"inLanguage\":\"fr-FR\",\"@id\":\"https:\/\/www.nooteboom.com\/fr\/visitez-nous-lors-des-demodays-au-terril-saint-antoine-a-boussu-dour-les-6-7-et-8-septembre\/#primaryimage\",\"url\":\"https:\/\/www.nooteboom.com\/wp-content\/uploads\/Screenshot-2024-08-26-at-10.32.19.png\",\"contentUrl\":\"https:\/\/www.nooteboom.com\/wp-content\/uploads\/Screenshot-2024-08-26-at-10.32.19.png\",\"width\":1121,\"height\":597,\"caption\":\"Demodays\"},{\"@type\":\"BreadcrumbList\",\"@id\":\"https:\/\/www.nooteboom.com\/fr\/visitez-nous-lors-des-demodays-au-terril-saint-antoine-a-boussu-dour-les-6-7-et-8-septembre\/#breadcrumb\",\"itemListElement\":[{\"@type\":\"ListItem\",\"position\":1,\"name\":\"Home\",\"item\":\"https:\/\/www.nooteboom.com\/fr\/\"},{\"@type\":\"ListItem\",\"position\":2,\"name\":\"Visitez-nous lors des DemoDays au Terril Saint-Antoine \u00e0 Boussu-Dour les 6, 7 et 8 septembre\"}]},{\"@type\":\"WebSite\",\"@id\":\"https:\/\/www.nooteboom.com\/fr\/#website\",\"url\":\"https:\/\/www.nooteboom.com\/fr\/\",\"name\":\"Nooteboom Trailers\",\"description\":\"Gets you there.\",\"publisher\":{\"@id\":\"https:\/\/www.nooteboom.com\/fr\/#organization\"},\"potentialAction\":[{\"@type\":\"SearchAction\",\"target\":{\"@type\":\"EntryPoint\",\"urlTemplate\":\"https:\/\/www.nooteboom.com\/fr\/?s={search_term_string}\"},\"query-input\":{\"@type\":\"PropertyValueSpecification\",\"valueRequired\":true,\"valueName\":\"search_term_string\"}}],\"inLanguage\":\"fr-FR\"},{\"@type\":\"Organization\",\"@id\":\"https:\/\/www.nooteboom.com\/fr\/#organization\",\"name\":\"Nooteboom Trailers\",\"url\":\"https:\/\/www.nooteboom.com\/fr\/\",\"logo\":{\"@type\":\"ImageObject\",\"inLanguage\":\"fr-FR\",\"@id\":\"https:\/\/www.nooteboom.com\/fr\/#\/schema\/logo\/image\/\",\"url\":\"https:\/\/www.nooteboom.com\/wp-content\/uploads\/logo.png\",\"contentUrl\":\"https:\/\/www.nooteboom.com\/wp-content\/uploads\/logo.png\",\"width\":111,\"height\":66,\"caption\":\"Nooteboom Trailers\"},\"image\":{\"@id\":\"https:\/\/www.nooteboom.com\/fr\/#\/schema\/logo\/image\/\"},\"sameAs\":[\"https:\/\/nl-nl.facebook.com\/nooteboomtrailers\/\",\"https:\/\/nl.linkedin.com\/company\/nooteboom-trailers\",\"https:\/\/www.youtube.com\/user\/Nooteboomtrailers\"]},{\"@type\":\"Person\",\"@id\":\"https:\/\/www.nooteboom.com\/fr\/#\/schema\/person\/375b5d0caf72eccb8a568826d6390b66\",\"name\":\"Xander Kamphuis\",\"image\":{\"@type\":\"ImageObject\",\"inLanguage\":\"fr-FR\",\"@id\":\"https:\/\/www.nooteboom.com\/fr\/#\/schema\/person\/image\/\",\"url\":\"https:\/\/secure.gravatar.com\/avatar\/a65af99837c9e097867d15cf2c32d9c4?s=96&d=mm&r=g\",\"contentUrl\":\"https:\/\/secure.gravatar.com\/avatar\/a65af99837c9e097867d15cf2c32d9c4?s=96&d=mm&r=g\",\"caption\":\"Xander Kamphuis\"}}]}<\/script>\n<!-- \/ Yoast SEO Premium plugin. -->","yoast_head_json":{"title":"Visitez-nous lors des DemoDays au Terril Saint-Antoine \u00e0 Boussu-Dour les 6, 7 et 8 septembre | Nooteboom Trailers","description":"Nooteboom sera pr\u00e9sent aux DemoDays au Terril Saint-Antoine \u00e0 Boussu-Dour en Belgique les 6, 7 et 8 septembre. Les DemoDays sont le salon professionnel en plein air pour le secteur de la construction. Cette ann\u00e9e, Nooteboom Trailers fait ses d\u00e9buts aux DemoDays, l'\u00e9v\u00e9nement biennal ax\u00e9 sur la d\u00e9monstration et le test de machines en fonctionnement et en mouvement. Avec plus de 20 ans de participation r\u00e9ussie \u00e0 Matexpo, organis\u00e9 par la m\u00eame \u00e9quipe, Nooteboom a une grande confiance dans les DemoDays. | Nooteboom Trailers","robots":{"index":"index","follow":"follow","max-snippet":"max-snippet:-1","max-image-preview":"max-image-preview:large","max-video-preview":"max-video-preview:-1"},"canonical":"https:\/\/www.nooteboom.com\/fr\/visitez-nous-lors-des-demodays-au-terril-saint-antoine-a-boussu-dour-les-6-7-et-8-septembre\/","og_locale":"fr_FR","og_type":"article","og_title":"Visitez-nous lors des DemoDays au Terril Saint-Antoine \u00e0 Boussu-Dour les 6, 7 et 8 septembre","og_description":"Nooteboom sera pr\u00e9sent aux DemoDays au Terril Saint-Antoine \u00e0 Boussu-Dour en Belgique les 6, 7 et 8 septembre. Les DemoDays sont le salon professionnel en plein air pour le secteur de la construction. Cette ann\u00e9e, Nooteboom Trailers fait ses d\u00e9buts aux DemoDays, l'\u00e9v\u00e9nement biennal ax\u00e9 sur la d\u00e9monstration et le test de machines en fonctionnement et en mouvement. Avec plus de 20 ans de participation r\u00e9ussie \u00e0 Matexpo, organis\u00e9 par la m\u00eame \u00e9quipe, Nooteboom a une grande confiance dans les DemoDays. | Nooteboom Trailers","og_url":"https:\/\/www.nooteboom.com\/fr\/visitez-nous-lors-des-demodays-au-terril-saint-antoine-a-boussu-dour-les-6-7-et-8-septembre\/","og_site_name":"Nooteboom Trailers","article_publisher":"https:\/\/nl-nl.facebook.com\/nooteboomtrailers\/","article_published_time":"2024-08-26T09:24:50+00:00","article_modified_time":"2024-08-26T09:26:11+00:00","og_image":[{"width":1121,"height":597,"url":"https:\/\/www.nooteboom.com\/wp-content\/uploads\/Screenshot-2024-08-26-at-10.32.19.png","type":"image\/png"}],"author":"Xander Kamphuis","twitter_card":"summary_large_image","twitter_misc":{"\u00c9crit par":"Xander Kamphuis","Dur\u00e9e de lecture estim\u00e9e":"2 minutes"},"schema":{"@context":"https:\/\/schema.org","@graph":[{"@type":"Article","@id":"https:\/\/www.nooteboom.com\/fr\/visitez-nous-lors-des-demodays-au-terril-saint-antoine-a-boussu-dour-les-6-7-et-8-septembre\/#article","isPartOf":{"@id":"https:\/\/www.nooteboom.com\/fr\/visitez-nous-lors-des-demodays-au-terril-saint-antoine-a-boussu-dour-les-6-7-et-8-septembre\/"},"author":{"name":"Xander Kamphuis","@id":"https:\/\/www.nooteboom.com\/fr\/#\/schema\/person\/375b5d0caf72eccb8a568826d6390b66"},"headline":"Visitez-nous lors des DemoDays au Terril Saint-Antoine \u00e0 Boussu-Dour les 6, 7 et 8 septembre","datePublished":"2024-08-26T09:24:50+00:00","dateModified":"2024-08-26T09:26:11+00:00","mainEntityOfPage":{"@id":"https:\/\/www.nooteboom.com\/fr\/visitez-nous-lors-des-demodays-au-terril-saint-antoine-a-boussu-dour-les-6-7-et-8-septembre\/"},"wordCount":404,"publisher":{"@id":"https:\/\/www.nooteboom.com\/fr\/#organization"},"image":{"@id":"https:\/\/www.nooteboom.com\/fr\/visitez-nous-lors-des-demodays-au-terril-saint-antoine-a-boussu-dour-les-6-7-et-8-septembre\/#primaryimage"},"thumbnailUrl":"https:\/\/www.nooteboom.com\/wp-content\/uploads\/Screenshot-2024-08-26-at-10.32.19.png","articleSection":["Informations Nooteboom"],"inLanguage":"fr-FR"},{"@type":"WebPage","@id":"https:\/\/www.nooteboom.com\/fr\/visitez-nous-lors-des-demodays-au-terril-saint-antoine-a-boussu-dour-les-6-7-et-8-septembre\/","url":"https:\/\/www.nooteboom.com\/fr\/visitez-nous-lors-des-demodays-au-terril-saint-antoine-a-boussu-dour-les-6-7-et-8-septembre\/","name":"Visitez-nous lors des DemoDays au Terril Saint-Antoine \u00e0 Boussu-Dour les 6, 7 et 8 septembre | Nooteboom Trailers","isPartOf":{"@id":"https:\/\/www.nooteboom.com\/fr\/#website"},"primaryImageOfPage":{"@id":"https:\/\/www.nooteboom.com\/fr\/visitez-nous-lors-des-demodays-au-terril-saint-antoine-a-boussu-dour-les-6-7-et-8-septembre\/#primaryimage"},"image":{"@id":"https:\/\/www.nooteboom.com\/fr\/visitez-nous-lors-des-demodays-au-terril-saint-antoine-a-boussu-dour-les-6-7-et-8-septembre\/#primaryimage"},"thumbnailUrl":"https:\/\/www.nooteboom.com\/wp-content\/uploads\/Screenshot-2024-08-26-at-10.32.19.png","datePublished":"2024-08-26T09:24:50+00:00","dateModified":"2024-08-26T09:26:11+00:00","description":"Nooteboom sera pr\u00e9sent aux DemoDays au Terril Saint-Antoine \u00e0 Boussu-Dour en Belgique les 6, 7 et 8 septembre. Les DemoDays sont le salon professionnel en plein air pour le secteur de la construction. Cette ann\u00e9e, Nooteboom Trailers fait ses d\u00e9buts aux DemoDays, l'\u00e9v\u00e9nement biennal ax\u00e9 sur la d\u00e9monstration et le test de machines en fonctionnement et en mouvement. Avec plus de 20 ans de participation r\u00e9ussie \u00e0 Matexpo, organis\u00e9 par la m\u00eame \u00e9quipe, Nooteboom a une grande confiance dans les DemoDays. | Nooteboom Trailers","breadcrumb":{"@id":"https:\/\/www.nooteboom.com\/fr\/visitez-nous-lors-des-demodays-au-terril-saint-antoine-a-boussu-dour-les-6-7-et-8-septembre\/#breadcrumb"},"inLanguage":"fr-FR","potentialAction":[{"@type":"ReadAction","target":["https:\/\/www.nooteboom.com\/fr\/visitez-nous-lors-des-demodays-au-terril-saint-antoine-a-boussu-dour-les-6-7-et-8-septembre\/"]}]},{"@type":"ImageObject","inLanguage":"fr-FR","@id":"https:\/\/www.nooteboom.com\/fr\/visitez-nous-lors-des-demodays-au-terril-saint-antoine-a-boussu-dour-les-6-7-et-8-septembre\/#primaryimage","url":"https:\/\/www.nooteboom.com\/wp-content\/uploads\/Screenshot-2024-08-26-at-10.32.19.png","contentUrl":"https:\/\/www.nooteboom.com\/wp-content\/uploads\/Screenshot-2024-08-26-at-10.32.19.png","width":1121,"height":597,"caption":"Demodays"},{"@type":"BreadcrumbList","@id":"https:\/\/www.nooteboom.com\/fr\/visitez-nous-lors-des-demodays-au-terril-saint-antoine-a-boussu-dour-les-6-7-et-8-septembre\/#breadcrumb","itemListElement":[{"@type":"ListItem","position":1,"name":"Home","item":"https:\/\/www.nooteboom.com\/fr\/"},{"@type":"ListItem","position":2,"name":"Visitez-nous lors des DemoDays au Terril Saint-Antoine \u00e0 Boussu-Dour les 6, 7 et 8 septembre"}]},{"@type":"WebSite","@id":"https:\/\/www.nooteboom.com\/fr\/#website","url":"https:\/\/www.nooteboom.com\/fr\/","name":"Nooteboom Trailers","description":"Gets you there.","publisher":{"@id":"https:\/\/www.nooteboom.com\/fr\/#organization"},"potentialAction":[{"@type":"SearchAction","target":{"@type":"EntryPoint","urlTemplate":"https:\/\/www.nooteboom.com\/fr\/?s={search_term_string}"},"query-input":{"@type":"PropertyValueSpecification","valueRequired":true,"valueName":"search_term_string"}}],"inLanguage":"fr-FR"},{"@type":"Organization","@id":"https:\/\/www.nooteboom.com\/fr\/#organization","name":"Nooteboom Trailers","url":"https:\/\/www.nooteboom.com\/fr\/","logo":{"@type":"ImageObject","inLanguage":"fr-FR","@id":"https:\/\/www.nooteboom.com\/fr\/#\/schema\/logo\/image\/","url":"https:\/\/www.nooteboom.com\/wp-content\/uploads\/logo.png","contentUrl":"https:\/\/www.nooteboom.com\/wp-content\/uploads\/logo.png","width":111,"height":66,"caption":"Nooteboom Trailers"},"image":{"@id":"https:\/\/www.nooteboom.com\/fr\/#\/schema\/logo\/image\/"},"sameAs":["https:\/\/nl-nl.facebook.com\/nooteboomtrailers\/","https:\/\/nl.linkedin.com\/company\/nooteboom-trailers","https:\/\/www.youtube.com\/user\/Nooteboomtrailers"]},{"@type":"Person","@id":"https:\/\/www.nooteboom.com\/fr\/#\/schema\/person\/375b5d0caf72eccb8a568826d6390b66","name":"Xander Kamphuis","image":{"@type":"ImageObject","inLanguage":"fr-FR","@id":"https:\/\/www.nooteboom.com\/fr\/#\/schema\/person\/image\/","url":"https:\/\/secure.gravatar.com\/avatar\/a65af99837c9e097867d15cf2c32d9c4?s=96&d=mm&r=g","contentUrl":"https:\/\/secure.gravatar.com\/avatar\/a65af99837c9e097867d15cf2c32d9c4?s=96&d=mm&r=g","caption":"Xander Kamphuis"}}]}},"_links":{"self":[{"href":"https:\/\/www.nooteboom.com\/fr\/wp-json\/wp\/v2\/posts\/2206652","targetHints":{"allow":["GET"]}}],"collection":[{"href":"https:\/\/www.nooteboom.com\/fr\/wp-json\/wp\/v2\/posts"}],"about":[{"href":"https:\/\/www.nooteboom.com\/fr\/wp-json\/wp\/v2\/types\/post"}],"author":[{"embeddable":true,"href":"https:\/\/www.nooteboom.com\/fr\/wp-json\/wp\/v2\/users\/45"}],"replies":[{"embeddable":true,"href":"https:\/\/www.nooteboom.com\/fr\/wp-json\/wp\/v2\/comments?post=2206652"}],"version-history":[{"count":3,"href":"https:\/\/www.nooteboom.com\/fr\/wp-json\/wp\/v2\/posts\/2206652\/revisions"}],"predecessor-version":[{"id":2206657,"href":"https:\/\/www.nooteboom.com\/fr\/wp-json\/wp\/v2\/posts\/2206652\/revisions\/2206657"}],"wp:featuredmedia":[{"embeddable":true,"href":"https:\/\/www.nooteboom.com\/fr\/wp-json\/wp\/v2\/media\/2205995"}],"wp:attachment":[{"href":"https:\/\/www.nooteboom.com\/fr\/wp-json\/wp\/v2\/media?parent=2206652"}],"wp:term":[{"taxonomy":"category","embeddable":true,"href":"https:\/\/www.nooteboom.com\/fr\/wp-json\/wp\/v2\/categories?post=2206652"},{"taxonomy":"post_tag","embeddable":true,"href":"https:\/\/www.nooteboom.com\/fr\/wp-json\/wp\/v2\/tags?post=2206652"}],"curies":[{"name":"wp","href":"https:\/\/api.w.org\/{rel}","templated":true}]}}