{"id":2033169,"date":"2023-11-06T11:33:46","date_gmt":"2023-11-06T10:33:46","guid":{"rendered":"https:\/\/www.nooteboom.com\/?p=2033169"},"modified":"2023-11-07T15:37:03","modified_gmt":"2023-11-07T14:37:03","slug":"le-salon-solutrans-ouvre-ses-portes-du-21-au-25-novembre-2023","status":"publish","type":"post","link":"https:\/\/www.nooteboom.com\/fr\/le-salon-solutrans-ouvre-ses-portes-du-21-au-25-novembre-2023\/","title":{"rendered":"Le salon Solutrans ouvre ses portes du 21 au 25 novembre 2023"},"content":{"rendered":"<div class=\"wpb-content-wrapper\"><p>[vc_row][vc_column][vc_column_text]<\/p>\n<h3>Ce salon de l&rsquo;\u00e9quipement du transport qui a lieu \u00e0 Lyon est un \u00e9v\u00e9nement particuli\u00e8rement important pour Nooteboom qui en profite pour y rencontrer ses partenaires commerciaux et mettre en avant ses innovations.<\/h3>\n<p>[\/vc_column_text][\/vc_column][\/vc_row][vc_row][vc_column width=\u00a0\u00bb1\/2&Prime;][vc_column_text]Cette ann\u00e9e, Nooteboom pr\u00e9sente \u00e0 SOLUTRANS une remorque extra-surbaiss\u00e9e 3 essieux de type EURO-67-03(P), id\u00e9ale pour le transport de charges longues et hautes. Elle est \u00e9quip\u00e9e d&rsquo;un col de cygne hydraulique amovible avec longerons ext\u00e9rieurs, permettant d&rsquo;atteindre la longueur de chargement maximale. Le plateau de chargement est dot\u00e9 de caissons extra bas et de plancher amovibles en bois, ce qui permet de passer sous des ponts m\u00eame avec des charges de grande hauteur. Le plateau est extensible et \u00e9quip\u00e9 de rallonges d&rsquo;extension suppl\u00e9mentaires, offrant une longueur de chargement nette de 20 m\u00e8tres dans la partie surbaiss\u00e9e.[\/vc_column_text][vc_single_image image=\u00a0\u00bb2033182&Prime; img_size=\u00a0\u00bblarge\u00a0\u00bb alignment=\u00a0\u00bbcenter\u00a0\u00bb][\/vc_column][vc_column width=\u00a0\u00bb1\/2&Prime;][vc_single_image image=\u00a0\u00bb2033156&Prime; img_size=\u00a0\u00bblarge\u00a0\u00bb alignment=\u00a0\u00bbright\u00a0\u00bb onclick=\u00a0\u00bblink_image\u00a0\u00bb][\/vc_column][\/vc_row][vc_row][vc_column][vc_column_text]Les 3 essieux pendulaires offrent une capacit\u00e9 de charge \u00e9lev\u00e9e de 14 tonnes par essieu \u00e0 une vitesse de 80 km\/h. La fosse large et profonde permet le transport de pelles hydrauliques de grande taille. La grande course de suspension facilite le passage des obstacles, le chargement et le d\u00e9chargement. De plus, gr\u00e2ce \u00e0 la grande capacit\u00e9 de braquage, m\u00eame les chantiers les plus difficiles d&rsquo;acc\u00e8s peuvent \u00eatre atteints.<\/p>\n<p>Nooteboom profitera de l&rsquo;occasion offerte par SOLUTRANS pour r\u00e9unir ses clients et partenaires et pr\u00e9senter sa nouvelle \u00e9quipe fran\u00e7aise. Notre \u00e9quipe de vente a \u00e9t\u00e9 renforc\u00e9e, et r\u00e9cemment, nous avons embauch\u00e9 un deuxi\u00e8me technicien qui nous aidera \u00e0 mieux servir nos clients dans toute la France. Cela nous permettra de r\u00e9pondre plus rapidement et efficacement aux besoins de nos clients.<\/p>\n<p>Au plaisir de vous rencontrer sur notre stand 5C044.[\/vc_column_text][\/vc_column][\/vc_row][vc_row][vc_column width=\u00a0\u00bb1\/2&Prime;][\/vc_column][vc_column width=\u00a0\u00bb1\/2&Prime;][vc_single_image image=\u00a0\u00bb2033162&Prime; img_size=\u00a0\u00bbmedium\u00a0\u00bb][\/vc_column][\/vc_row]<\/p>\n<\/div>","protected":false},"excerpt":{"rendered":"Ce salon de l&rsquo;\u00e9quipement du transport a lieu \u00e0 Lyon. Pour Nooteboom, ce salon est un \u00e9v\u00e9nement important pour rencontrer ses partenaires commerciaux et pr\u00e9senter ses innovations. Cette ann\u00e9e, Nooteboom pr\u00e9sente \u00e0 SOLUTRANS une remorque extra-surbaiss\u00e9e 3 essieux de type EURO-67-03(P), id\u00e9ale pour le transport de charges longues et hautes. ","protected":false},"author":45,"featured_media":2033156,"comment_status":"closed","ping_status":"closed","sticky":false,"template":"","format":"standard","meta":{"_acf_changed":false,"inline_featured_image":false,"footnotes":""},"categories":[180],"tags":[],"class_list":["post-2033169","post","type-post","status-publish","format-standard","has-post-thumbnail","hentry","category-informations-nooteboom"],"acf":[],"yoast_head":"<!-- This site is optimized with the Yoast SEO Premium plugin v25.7.1 (Yoast SEO v25.7) - https:\/\/yoast.com\/wordpress\/plugins\/seo\/ -->\n<title>Le salon Solutrans ouvre ses portes du 21 au 25 novembre 2023 | Nooteboom Trailers<\/title>\n<meta name=\"description\" content=\"Ce salon de l&#039;\u00e9quipement du transport a lieu \u00e0 Lyon. Pour Nooteboom, ce salon est un \u00e9v\u00e9nement important pour rencontrer ses partenaires commerciaux et pr\u00e9senter ses innovations. Cette ann\u00e9e, Nooteboom pr\u00e9sente \u00e0 SOLUTRANS une remorque extra-surbaiss\u00e9e 3 essieux de type EURO-67-03(P), id\u00e9ale pour le transport de charges longues et hautes. | Nooteboom Trailers\" \/>\n<meta name=\"robots\" content=\"index, follow, max-snippet:-1, max-image-preview:large, max-video-preview:-1\" \/>\n<link rel=\"canonical\" href=\"https:\/\/www.nooteboom.com\/fr\/le-salon-solutrans-ouvre-ses-portes-du-21-au-25-novembre-2023\/\" \/>\n<meta property=\"og:locale\" content=\"fr_FR\" \/>\n<meta property=\"og:type\" content=\"article\" \/>\n<meta property=\"og:title\" content=\"Le salon Solutrans ouvre ses portes du 21 au 25 novembre 2023\" \/>\n<meta property=\"og:description\" content=\"Ce salon de l&#039;\u00e9quipement du transport a lieu \u00e0 Lyon. Pour Nooteboom, ce salon est un \u00e9v\u00e9nement important pour rencontrer ses partenaires commerciaux et pr\u00e9senter ses innovations. Cette ann\u00e9e, Nooteboom pr\u00e9sente \u00e0 SOLUTRANS une remorque extra-surbaiss\u00e9e 3 essieux de type EURO-67-03(P), id\u00e9ale pour le transport de charges longues et hautes. | Nooteboom Trailers\" \/>\n<meta property=\"og:url\" content=\"https:\/\/www.nooteboom.com\/fr\/le-salon-solutrans-ouvre-ses-portes-du-21-au-25-novembre-2023\/\" \/>\n<meta property=\"og:site_name\" content=\"Nooteboom Trailers\" \/>\n<meta property=\"article:publisher\" content=\"https:\/\/nl-nl.facebook.com\/nooteboomtrailers\/\" \/>\n<meta property=\"article:published_time\" content=\"2023-11-06T10:33:46+00:00\" \/>\n<meta property=\"article:modified_time\" content=\"2023-11-07T14:37:03+00:00\" \/>\n<meta property=\"og:image\" content=\"https:\/\/www.nooteboom.com\/wp-content\/uploads\/Solutrans-4.jpg\" \/>\n\t<meta property=\"og:image:width\" content=\"1600\" \/>\n\t<meta property=\"og:image:height\" content=\"1200\" \/>\n\t<meta property=\"og:image:type\" content=\"image\/jpeg\" \/>\n<meta name=\"author\" content=\"Xander Kamphuis\" \/>\n<meta name=\"twitter:card\" content=\"summary_large_image\" \/>\n<meta name=\"twitter:label1\" content=\"\u00c9crit par\" \/>\n\t<meta name=\"twitter:data1\" content=\"Xander Kamphuis\" \/>\n\t<meta name=\"twitter:label2\" content=\"Dur\u00e9e de lecture estim\u00e9e\" \/>\n\t<meta name=\"twitter:data2\" content=\"2 minutes\" \/>\n<script type=\"application\/ld+json\" class=\"yoast-schema-graph\">{\"@context\":\"https:\/\/schema.org\",\"@graph\":[{\"@type\":\"Article\",\"@id\":\"https:\/\/www.nooteboom.com\/fr\/le-salon-solutrans-ouvre-ses-portes-du-21-au-25-novembre-2023\/#article\",\"isPartOf\":{\"@id\":\"https:\/\/www.nooteboom.com\/fr\/le-salon-solutrans-ouvre-ses-portes-du-21-au-25-novembre-2023\/\"},\"author\":{\"name\":\"Xander Kamphuis\",\"@id\":\"https:\/\/www.nooteboom.com\/fr\/#\/schema\/person\/375b5d0caf72eccb8a568826d6390b66\"},\"headline\":\"Le salon Solutrans ouvre ses portes du 21 au 25 novembre 2023\",\"datePublished\":\"2023-11-06T10:33:46+00:00\",\"dateModified\":\"2023-11-07T14:37:03+00:00\",\"mainEntityOfPage\":{\"@id\":\"https:\/\/www.nooteboom.com\/fr\/le-salon-solutrans-ouvre-ses-portes-du-21-au-25-novembre-2023\/\"},\"wordCount\":389,\"publisher\":{\"@id\":\"https:\/\/www.nooteboom.com\/fr\/#organization\"},\"image\":{\"@id\":\"https:\/\/www.nooteboom.com\/fr\/le-salon-solutrans-ouvre-ses-portes-du-21-au-25-novembre-2023\/#primaryimage\"},\"thumbnailUrl\":\"https:\/\/www.nooteboom.com\/wp-content\/uploads\/Solutrans-4.jpg\",\"articleSection\":[\"Informations Nooteboom\"],\"inLanguage\":\"fr-FR\"},{\"@type\":\"WebPage\",\"@id\":\"https:\/\/www.nooteboom.com\/fr\/le-salon-solutrans-ouvre-ses-portes-du-21-au-25-novembre-2023\/\",\"url\":\"https:\/\/www.nooteboom.com\/fr\/le-salon-solutrans-ouvre-ses-portes-du-21-au-25-novembre-2023\/\",\"name\":\"Le salon Solutrans ouvre ses portes du 21 au 25 novembre 2023 | Nooteboom Trailers\",\"isPartOf\":{\"@id\":\"https:\/\/www.nooteboom.com\/fr\/#website\"},\"primaryImageOfPage\":{\"@id\":\"https:\/\/www.nooteboom.com\/fr\/le-salon-solutrans-ouvre-ses-portes-du-21-au-25-novembre-2023\/#primaryimage\"},\"image\":{\"@id\":\"https:\/\/www.nooteboom.com\/fr\/le-salon-solutrans-ouvre-ses-portes-du-21-au-25-novembre-2023\/#primaryimage\"},\"thumbnailUrl\":\"https:\/\/www.nooteboom.com\/wp-content\/uploads\/Solutrans-4.jpg\",\"datePublished\":\"2023-11-06T10:33:46+00:00\",\"dateModified\":\"2023-11-07T14:37:03+00:00\",\"description\":\"Ce salon de l'\u00e9quipement du transport a lieu \u00e0 Lyon. Pour Nooteboom, ce salon est un \u00e9v\u00e9nement important pour rencontrer ses partenaires commerciaux et pr\u00e9senter ses innovations. Cette ann\u00e9e, Nooteboom pr\u00e9sente \u00e0 SOLUTRANS une remorque extra-surbaiss\u00e9e 3 essieux de type EURO-67-03(P), id\u00e9ale pour le transport de charges longues et hautes. | Nooteboom Trailers\",\"breadcrumb\":{\"@id\":\"https:\/\/www.nooteboom.com\/fr\/le-salon-solutrans-ouvre-ses-portes-du-21-au-25-novembre-2023\/#breadcrumb\"},\"inLanguage\":\"fr-FR\",\"potentialAction\":[{\"@type\":\"ReadAction\",\"target\":[\"https:\/\/www.nooteboom.com\/fr\/le-salon-solutrans-ouvre-ses-portes-du-21-au-25-novembre-2023\/\"]}]},{\"@type\":\"ImageObject\",\"inLanguage\":\"fr-FR\",\"@id\":\"https:\/\/www.nooteboom.com\/fr\/le-salon-solutrans-ouvre-ses-portes-du-21-au-25-novembre-2023\/#primaryimage\",\"url\":\"https:\/\/www.nooteboom.com\/wp-content\/uploads\/Solutrans-4.jpg\",\"contentUrl\":\"https:\/\/www.nooteboom.com\/wp-content\/uploads\/Solutrans-4.jpg\",\"width\":1600,\"height\":1200,\"caption\":\"Stand Nooteboom Solutrans\"},{\"@type\":\"BreadcrumbList\",\"@id\":\"https:\/\/www.nooteboom.com\/fr\/le-salon-solutrans-ouvre-ses-portes-du-21-au-25-novembre-2023\/#breadcrumb\",\"itemListElement\":[{\"@type\":\"ListItem\",\"position\":1,\"name\":\"Home\",\"item\":\"https:\/\/www.nooteboom.com\/fr\/\"},{\"@type\":\"ListItem\",\"position\":2,\"name\":\"Le salon Solutrans ouvre ses portes du 21 au 25 novembre 2023\"}]},{\"@type\":\"WebSite\",\"@id\":\"https:\/\/www.nooteboom.com\/fr\/#website\",\"url\":\"https:\/\/www.nooteboom.com\/fr\/\",\"name\":\"Nooteboom Trailers\",\"description\":\"Gets you there.\",\"publisher\":{\"@id\":\"https:\/\/www.nooteboom.com\/fr\/#organization\"},\"potentialAction\":[{\"@type\":\"SearchAction\",\"target\":{\"@type\":\"EntryPoint\",\"urlTemplate\":\"https:\/\/www.nooteboom.com\/fr\/?s={search_term_string}\"},\"query-input\":{\"@type\":\"PropertyValueSpecification\",\"valueRequired\":true,\"valueName\":\"search_term_string\"}}],\"inLanguage\":\"fr-FR\"},{\"@type\":\"Organization\",\"@id\":\"https:\/\/www.nooteboom.com\/fr\/#organization\",\"name\":\"Nooteboom Trailers\",\"url\":\"https:\/\/www.nooteboom.com\/fr\/\",\"logo\":{\"@type\":\"ImageObject\",\"inLanguage\":\"fr-FR\",\"@id\":\"https:\/\/www.nooteboom.com\/fr\/#\/schema\/logo\/image\/\",\"url\":\"https:\/\/www.nooteboom.com\/wp-content\/uploads\/logo.png\",\"contentUrl\":\"https:\/\/www.nooteboom.com\/wp-content\/uploads\/logo.png\",\"width\":111,\"height\":66,\"caption\":\"Nooteboom Trailers\"},\"image\":{\"@id\":\"https:\/\/www.nooteboom.com\/fr\/#\/schema\/logo\/image\/\"},\"sameAs\":[\"https:\/\/nl-nl.facebook.com\/nooteboomtrailers\/\",\"https:\/\/nl.linkedin.com\/company\/nooteboom-trailers\",\"https:\/\/www.youtube.com\/user\/Nooteboomtrailers\"]},{\"@type\":\"Person\",\"@id\":\"https:\/\/www.nooteboom.com\/fr\/#\/schema\/person\/375b5d0caf72eccb8a568826d6390b66\",\"name\":\"Xander Kamphuis\",\"image\":{\"@type\":\"ImageObject\",\"inLanguage\":\"fr-FR\",\"@id\":\"https:\/\/www.nooteboom.com\/fr\/#\/schema\/person\/image\/\",\"url\":\"https:\/\/secure.gravatar.com\/avatar\/a65af99837c9e097867d15cf2c32d9c4?s=96&d=mm&r=g\",\"contentUrl\":\"https:\/\/secure.gravatar.com\/avatar\/a65af99837c9e097867d15cf2c32d9c4?s=96&d=mm&r=g\",\"caption\":\"Xander Kamphuis\"}}]}<\/script>\n<!-- \/ Yoast SEO Premium plugin. -->","yoast_head_json":{"title":"Le salon Solutrans ouvre ses portes du 21 au 25 novembre 2023 | Nooteboom Trailers","description":"Ce salon de l'\u00e9quipement du transport a lieu \u00e0 Lyon. Pour Nooteboom, ce salon est un \u00e9v\u00e9nement important pour rencontrer ses partenaires commerciaux et pr\u00e9senter ses innovations. Cette ann\u00e9e, Nooteboom pr\u00e9sente \u00e0 SOLUTRANS une remorque extra-surbaiss\u00e9e 3 essieux de type EURO-67-03(P), id\u00e9ale pour le transport de charges longues et hautes. | Nooteboom Trailers","robots":{"index":"index","follow":"follow","max-snippet":"max-snippet:-1","max-image-preview":"max-image-preview:large","max-video-preview":"max-video-preview:-1"},"canonical":"https:\/\/www.nooteboom.com\/fr\/le-salon-solutrans-ouvre-ses-portes-du-21-au-25-novembre-2023\/","og_locale":"fr_FR","og_type":"article","og_title":"Le salon Solutrans ouvre ses portes du 21 au 25 novembre 2023","og_description":"Ce salon de l'\u00e9quipement du transport a lieu \u00e0 Lyon. Pour Nooteboom, ce salon est un \u00e9v\u00e9nement important pour rencontrer ses partenaires commerciaux et pr\u00e9senter ses innovations. Cette ann\u00e9e, Nooteboom pr\u00e9sente \u00e0 SOLUTRANS une remorque extra-surbaiss\u00e9e 3 essieux de type EURO-67-03(P), id\u00e9ale pour le transport de charges longues et hautes. | Nooteboom Trailers","og_url":"https:\/\/www.nooteboom.com\/fr\/le-salon-solutrans-ouvre-ses-portes-du-21-au-25-novembre-2023\/","og_site_name":"Nooteboom Trailers","article_publisher":"https:\/\/nl-nl.facebook.com\/nooteboomtrailers\/","article_published_time":"2023-11-06T10:33:46+00:00","article_modified_time":"2023-11-07T14:37:03+00:00","og_image":[{"width":1600,"height":1200,"url":"https:\/\/www.nooteboom.com\/wp-content\/uploads\/Solutrans-4.jpg","type":"image\/jpeg"}],"author":"Xander Kamphuis","twitter_card":"summary_large_image","twitter_misc":{"\u00c9crit par":"Xander Kamphuis","Dur\u00e9e de lecture estim\u00e9e":"2 minutes"},"schema":{"@context":"https:\/\/schema.org","@graph":[{"@type":"Article","@id":"https:\/\/www.nooteboom.com\/fr\/le-salon-solutrans-ouvre-ses-portes-du-21-au-25-novembre-2023\/#article","isPartOf":{"@id":"https:\/\/www.nooteboom.com\/fr\/le-salon-solutrans-ouvre-ses-portes-du-21-au-25-novembre-2023\/"},"author":{"name":"Xander Kamphuis","@id":"https:\/\/www.nooteboom.com\/fr\/#\/schema\/person\/375b5d0caf72eccb8a568826d6390b66"},"headline":"Le salon Solutrans ouvre ses portes du 21 au 25 novembre 2023","datePublished":"2023-11-06T10:33:46+00:00","dateModified":"2023-11-07T14:37:03+00:00","mainEntityOfPage":{"@id":"https:\/\/www.nooteboom.com\/fr\/le-salon-solutrans-ouvre-ses-portes-du-21-au-25-novembre-2023\/"},"wordCount":389,"publisher":{"@id":"https:\/\/www.nooteboom.com\/fr\/#organization"},"image":{"@id":"https:\/\/www.nooteboom.com\/fr\/le-salon-solutrans-ouvre-ses-portes-du-21-au-25-novembre-2023\/#primaryimage"},"thumbnailUrl":"https:\/\/www.nooteboom.com\/wp-content\/uploads\/Solutrans-4.jpg","articleSection":["Informations Nooteboom"],"inLanguage":"fr-FR"},{"@type":"WebPage","@id":"https:\/\/www.nooteboom.com\/fr\/le-salon-solutrans-ouvre-ses-portes-du-21-au-25-novembre-2023\/","url":"https:\/\/www.nooteboom.com\/fr\/le-salon-solutrans-ouvre-ses-portes-du-21-au-25-novembre-2023\/","name":"Le salon Solutrans ouvre ses portes du 21 au 25 novembre 2023 | Nooteboom Trailers","isPartOf":{"@id":"https:\/\/www.nooteboom.com\/fr\/#website"},"primaryImageOfPage":{"@id":"https:\/\/www.nooteboom.com\/fr\/le-salon-solutrans-ouvre-ses-portes-du-21-au-25-novembre-2023\/#primaryimage"},"image":{"@id":"https:\/\/www.nooteboom.com\/fr\/le-salon-solutrans-ouvre-ses-portes-du-21-au-25-novembre-2023\/#primaryimage"},"thumbnailUrl":"https:\/\/www.nooteboom.com\/wp-content\/uploads\/Solutrans-4.jpg","datePublished":"2023-11-06T10:33:46+00:00","dateModified":"2023-11-07T14:37:03+00:00","description":"Ce salon de l'\u00e9quipement du transport a lieu \u00e0 Lyon. Pour Nooteboom, ce salon est un \u00e9v\u00e9nement important pour rencontrer ses partenaires commerciaux et pr\u00e9senter ses innovations. Cette ann\u00e9e, Nooteboom pr\u00e9sente \u00e0 SOLUTRANS une remorque extra-surbaiss\u00e9e 3 essieux de type EURO-67-03(P), id\u00e9ale pour le transport de charges longues et hautes. | Nooteboom Trailers","breadcrumb":{"@id":"https:\/\/www.nooteboom.com\/fr\/le-salon-solutrans-ouvre-ses-portes-du-21-au-25-novembre-2023\/#breadcrumb"},"inLanguage":"fr-FR","potentialAction":[{"@type":"ReadAction","target":["https:\/\/www.nooteboom.com\/fr\/le-salon-solutrans-ouvre-ses-portes-du-21-au-25-novembre-2023\/"]}]},{"@type":"ImageObject","inLanguage":"fr-FR","@id":"https:\/\/www.nooteboom.com\/fr\/le-salon-solutrans-ouvre-ses-portes-du-21-au-25-novembre-2023\/#primaryimage","url":"https:\/\/www.nooteboom.com\/wp-content\/uploads\/Solutrans-4.jpg","contentUrl":"https:\/\/www.nooteboom.com\/wp-content\/uploads\/Solutrans-4.jpg","width":1600,"height":1200,"caption":"Stand Nooteboom Solutrans"},{"@type":"BreadcrumbList","@id":"https:\/\/www.nooteboom.com\/fr\/le-salon-solutrans-ouvre-ses-portes-du-21-au-25-novembre-2023\/#breadcrumb","itemListElement":[{"@type":"ListItem","position":1,"name":"Home","item":"https:\/\/www.nooteboom.com\/fr\/"},{"@type":"ListItem","position":2,"name":"Le salon Solutrans ouvre ses portes du 21 au 25 novembre 2023"}]},{"@type":"WebSite","@id":"https:\/\/www.nooteboom.com\/fr\/#website","url":"https:\/\/www.nooteboom.com\/fr\/","name":"Nooteboom Trailers","description":"Gets you there.","publisher":{"@id":"https:\/\/www.nooteboom.com\/fr\/#organization"},"potentialAction":[{"@type":"SearchAction","target":{"@type":"EntryPoint","urlTemplate":"https:\/\/www.nooteboom.com\/fr\/?s={search_term_string}"},"query-input":{"@type":"PropertyValueSpecification","valueRequired":true,"valueName":"search_term_string"}}],"inLanguage":"fr-FR"},{"@type":"Organization","@id":"https:\/\/www.nooteboom.com\/fr\/#organization","name":"Nooteboom Trailers","url":"https:\/\/www.nooteboom.com\/fr\/","logo":{"@type":"ImageObject","inLanguage":"fr-FR","@id":"https:\/\/www.nooteboom.com\/fr\/#\/schema\/logo\/image\/","url":"https:\/\/www.nooteboom.com\/wp-content\/uploads\/logo.png","contentUrl":"https:\/\/www.nooteboom.com\/wp-content\/uploads\/logo.png","width":111,"height":66,"caption":"Nooteboom Trailers"},"image":{"@id":"https:\/\/www.nooteboom.com\/fr\/#\/schema\/logo\/image\/"},"sameAs":["https:\/\/nl-nl.facebook.com\/nooteboomtrailers\/","https:\/\/nl.linkedin.com\/company\/nooteboom-trailers","https:\/\/www.youtube.com\/user\/Nooteboomtrailers"]},{"@type":"Person","@id":"https:\/\/www.nooteboom.com\/fr\/#\/schema\/person\/375b5d0caf72eccb8a568826d6390b66","name":"Xander Kamphuis","image":{"@type":"ImageObject","inLanguage":"fr-FR","@id":"https:\/\/www.nooteboom.com\/fr\/#\/schema\/person\/image\/","url":"https:\/\/secure.gravatar.com\/avatar\/a65af99837c9e097867d15cf2c32d9c4?s=96&d=mm&r=g","contentUrl":"https:\/\/secure.gravatar.com\/avatar\/a65af99837c9e097867d15cf2c32d9c4?s=96&d=mm&r=g","caption":"Xander Kamphuis"}}]}},"_links":{"self":[{"href":"https:\/\/www.nooteboom.com\/fr\/wp-json\/wp\/v2\/posts\/2033169","targetHints":{"allow":["GET"]}}],"collection":[{"href":"https:\/\/www.nooteboom.com\/fr\/wp-json\/wp\/v2\/posts"}],"about":[{"href":"https:\/\/www.nooteboom.com\/fr\/wp-json\/wp\/v2\/types\/post"}],"author":[{"embeddable":true,"href":"https:\/\/www.nooteboom.com\/fr\/wp-json\/wp\/v2\/users\/45"}],"replies":[{"embeddable":true,"href":"https:\/\/www.nooteboom.com\/fr\/wp-json\/wp\/v2\/comments?post=2033169"}],"version-history":[{"count":4,"href":"https:\/\/www.nooteboom.com\/fr\/wp-json\/wp\/v2\/posts\/2033169\/revisions"}],"predecessor-version":[{"id":2033192,"href":"https:\/\/www.nooteboom.com\/fr\/wp-json\/wp\/v2\/posts\/2033169\/revisions\/2033192"}],"wp:featuredmedia":[{"embeddable":true,"href":"https:\/\/www.nooteboom.com\/fr\/wp-json\/wp\/v2\/media\/2033156"}],"wp:attachment":[{"href":"https:\/\/www.nooteboom.com\/fr\/wp-json\/wp\/v2\/media?parent=2033169"}],"wp:term":[{"taxonomy":"category","embeddable":true,"href":"https:\/\/www.nooteboom.com\/fr\/wp-json\/wp\/v2\/categories?post=2033169"},{"taxonomy":"post_tag","embeddable":true,"href":"https:\/\/www.nooteboom.com\/fr\/wp-json\/wp\/v2\/tags?post=2033169"}],"curies":[{"name":"wp","href":"https:\/\/api.w.org\/{rel}","templated":true}]}}