{"id":2030923,"date":"2023-09-05T21:43:06","date_gmt":"2023-09-05T19:43:06","guid":{"rendered":"https:\/\/www.nooteboom.com\/nooteboom-a-matexpo-du-6-au-10-septembre\/"},"modified":"2023-09-07T13:53:22","modified_gmt":"2023-09-07T11:53:22","slug":"nooteboom-a-matexpo-du-6-au-10-septembre","status":"publish","type":"post","link":"https:\/\/www.nooteboom.com\/fr\/nooteboom-a-matexpo-du-6-au-10-septembre\/","title":{"rendered":"Nooteboom \u00e0 Matexpo du 6 au 10 septembre"},"content":{"rendered":"<div class=\"wpb-content-wrapper\"><p>[vc_row][vc_column][vc_column_text]Du mercredi 6 au dimanche 10 septembre, se d\u00e9roule la Matexpo 2023, le salon professionnel international biennal des \u00e9quipements de construction, \u00e0 Kortrijk Xpo. Nooteboom Trailers y pr\u00e9sente ses derni\u00e8res innovations sur le stand 448 dans le hall 4. Si vous souhaitez nous rendre visite \u00e0 la Matexpo, <a href=\"https:\/\/register.visitcloud.com\/survey\/13fnyvdbeat32\">cliquez ici<\/a> pour obtenir des billets d&rsquo;entr\u00e9e gratuits.[\/vc_column_text][\/vc_column][\/vc_row][vc_row][vc_column width=\u00a0\u00bb1\/2&Prime;][vc_column_text]<\/p>\n<div class=\"layout one-col fixed-width stack\">\n<div class=\"layout__inner\">\n<div class=\"column\">\n<p>Cette ann\u00e9e,\u00a0<strong>le OSD-73-04V\u00a0<\/strong>sera expos\u00e9. Cette semi-remorque \u00e0 4 essieux avec \u00e9largissement hydraulique est sp\u00e9cialement con\u00e7ue pour charger et transporter efficacement et en toute s\u00e9curit\u00e9 des engins de construction lourds pesant jusqu&rsquo;\u00e0 environ 57 tonnes. Gr\u00e2ce \u00e0 l&rsquo;\u00e9largissement hydraulique, la largeur de la plate-forme de chargement peut \u00eatre facilement augment\u00e9e de 2 540 mm \u00e0 3 210 mm. En appuyant sur un bouton, le c\u00f4t\u00e9 gauche et le c\u00f4t\u00e9 droit peuvent \u00eatre \u00e9tendus ind\u00e9pendamment l&rsquo;un de l&rsquo;autre en continu. Les parties coulissantes sont \u00e9quip\u00e9es en standard d&rsquo;une couche sup\u00e9rieure en caoutchouc pour une adh\u00e9rence suppl\u00e9mentaire.<\/p>\n<\/div>\n<\/div>\n<\/div>\n<div class=\"layout one-col fixed-width stack\">\n<div class=\"layout__inner\">\n<div class=\"column\">\n<div>\n<div>\n<p>De plus, Nooteboom pr\u00e9sente une remorque\u00a0<strong>surbaiss\u00e9e 2 essieux extensible de type EURO-49-02(P)<\/strong>, une remorque surbaiss\u00e9e multifonctionnelle avec un plancher tr\u00e8s bas et une man\u0153uvrabilit\u00e9 maximale. De plus, la remorque porte-engins<br \/>\n<strong>ASDV-40-22<\/strong>\u00a0est pr\u00e9sente sur le stand pour le transport d&rsquo;engins de construction pesant jusqu&rsquo;\u00e0 environ 32 tonnes.<\/p>\n<p>Nous serions ravis de vous en dire plus sur les avantages de notre gamme de remorques et sur les nouvelles innovations pr\u00e9vues pour les prochains mois. Nous sommes impatients de vous accueillir sur notre stand, hall 4 &#8211; num\u00e9ro de stand 448.<\/p>\n<\/div>\n<\/div>\n<\/div>\n<\/div>\n<\/div>\n<p>[\/vc_column_text][\/vc_column][vc_column width=\u00a0\u00bb1\/2&Prime;][vc_single_image image=\u00a0\u00bb2030971&Prime; img_size=\u00a0\u00bblarge\u00a0\u00bb onclick=\u00a0\u00bblink_image\u00a0\u00bb][vc_single_image image=\u00a0\u00bb2030915&Prime; img_size=\u00a0\u00bblarge\u00a0\u00bb onclick=\u00a0\u00bbcustom_link\u00a0\u00bb link=\u00a0\u00bbhttps:\/\/register.visitcloud.com\/survey\/13fnyvdbeat32&Prime;][\/vc_column][\/vc_row]<\/p>\n<\/div>","protected":false},"excerpt":{"rendered":"Du mercredi 6 au dimanche 10 septembre, se d\u00e9roule la Matexpo 2023, le salon professionnel international biennal des \u00e9quipements de construction, \u00e0 Kortrijk Xpo. Nooteboom Trailers y pr\u00e9sente ses derni\u00e8res innovations sur le stand 448 dans le hall 4. Si vous souhaitez nous rendre visite \u00e0 la Matexpo, cliquez ici pour obtenir&#8230;","protected":false},"author":45,"featured_media":2030971,"comment_status":"closed","ping_status":"closed","sticky":false,"template":"","format":"standard","meta":{"_acf_changed":false,"inline_featured_image":false,"footnotes":""},"categories":[180],"tags":[],"class_list":["post-2030923","post","type-post","status-publish","format-standard","has-post-thumbnail","hentry","category-informations-nooteboom"],"acf":[],"yoast_head":"<!-- This site is optimized with the Yoast SEO Premium plugin v25.7.1 (Yoast SEO v25.7) - https:\/\/yoast.com\/wordpress\/plugins\/seo\/ -->\n<title>Nooteboom \u00e0 Matexpo du 6 au 10 septembre | Nooteboom Trailers<\/title>\n<meta name=\"description\" content=\"Du mercredi 6 au dimanche 10 septembre, se d\u00e9roule la Matexpo 2023, le salon professionnel international biennal des \u00e9quipements de construction, \u00e0 Kortrijk Xpo. Nooteboom Trailers y pr\u00e9sente ses derni\u00e8res innovations sur le stand 448 dans le hall 4. Si vous souhaitez nous rendre visite \u00e0 la Matexpo, cliquez ici pour obtenir... | Nooteboom Trailers\" \/>\n<meta name=\"robots\" content=\"index, follow, max-snippet:-1, max-image-preview:large, max-video-preview:-1\" \/>\n<link rel=\"canonical\" href=\"https:\/\/www.nooteboom.com\/fr\/nooteboom-a-matexpo-du-6-au-10-septembre\/\" \/>\n<meta property=\"og:locale\" content=\"fr_FR\" \/>\n<meta property=\"og:type\" content=\"article\" \/>\n<meta property=\"og:title\" content=\"Nooteboom \u00e0 Matexpo du 6 au 10 septembre\" \/>\n<meta property=\"og:description\" content=\"Du mercredi 6 au dimanche 10 septembre, se d\u00e9roule la Matexpo 2023, le salon professionnel international biennal des \u00e9quipements de construction, \u00e0 Kortrijk Xpo. Nooteboom Trailers y pr\u00e9sente ses derni\u00e8res innovations sur le stand 448 dans le hall 4. Si vous souhaitez nous rendre visite \u00e0 la Matexpo, cliquez ici pour obtenir... | Nooteboom Trailers\" \/>\n<meta property=\"og:url\" content=\"https:\/\/www.nooteboom.com\/fr\/nooteboom-a-matexpo-du-6-au-10-septembre\/\" \/>\n<meta property=\"og:site_name\" content=\"Nooteboom Trailers\" \/>\n<meta property=\"article:publisher\" content=\"https:\/\/nl-nl.facebook.com\/nooteboomtrailers\/\" \/>\n<meta property=\"article:published_time\" content=\"2023-09-05T19:43:06+00:00\" \/>\n<meta property=\"article:modified_time\" content=\"2023-09-07T11:53:22+00:00\" \/>\n<meta property=\"og:image\" content=\"https:\/\/www.nooteboom.com\/wp-content\/uploads\/Unknown-1.jpeg\" \/>\n\t<meta property=\"og:image:width\" content=\"1600\" \/>\n\t<meta property=\"og:image:height\" content=\"1200\" \/>\n\t<meta property=\"og:image:type\" content=\"image\/jpeg\" \/>\n<meta name=\"author\" content=\"Xander Kamphuis\" \/>\n<meta name=\"twitter:card\" content=\"summary_large_image\" \/>\n<meta name=\"twitter:label1\" content=\"\u00c9crit par\" \/>\n\t<meta name=\"twitter:data1\" content=\"Xander Kamphuis\" \/>\n\t<meta name=\"twitter:label2\" content=\"Dur\u00e9e de lecture estim\u00e9e\" \/>\n\t<meta name=\"twitter:data2\" content=\"2 minutes\" \/>\n<script type=\"application\/ld+json\" class=\"yoast-schema-graph\">{\"@context\":\"https:\/\/schema.org\",\"@graph\":[{\"@type\":\"Article\",\"@id\":\"https:\/\/www.nooteboom.com\/fr\/nooteboom-a-matexpo-du-6-au-10-septembre\/#article\",\"isPartOf\":{\"@id\":\"https:\/\/www.nooteboom.com\/fr\/nooteboom-a-matexpo-du-6-au-10-septembre\/\"},\"author\":{\"name\":\"Xander Kamphuis\",\"@id\":\"https:\/\/www.nooteboom.com\/fr\/#\/schema\/person\/375b5d0caf72eccb8a568826d6390b66\"},\"headline\":\"Nooteboom \u00e0 Matexpo du 6 au 10 septembre\",\"datePublished\":\"2023-09-05T19:43:06+00:00\",\"dateModified\":\"2023-09-07T11:53:22+00:00\",\"mainEntityOfPage\":{\"@id\":\"https:\/\/www.nooteboom.com\/fr\/nooteboom-a-matexpo-du-6-au-10-septembre\/\"},\"wordCount\":324,\"publisher\":{\"@id\":\"https:\/\/www.nooteboom.com\/fr\/#organization\"},\"image\":{\"@id\":\"https:\/\/www.nooteboom.com\/fr\/nooteboom-a-matexpo-du-6-au-10-septembre\/#primaryimage\"},\"thumbnailUrl\":\"https:\/\/www.nooteboom.com\/wp-content\/uploads\/Unknown-1.jpeg\",\"articleSection\":[\"Informations Nooteboom\"],\"inLanguage\":\"fr-FR\"},{\"@type\":\"WebPage\",\"@id\":\"https:\/\/www.nooteboom.com\/fr\/nooteboom-a-matexpo-du-6-au-10-septembre\/\",\"url\":\"https:\/\/www.nooteboom.com\/fr\/nooteboom-a-matexpo-du-6-au-10-septembre\/\",\"name\":\"Nooteboom \u00e0 Matexpo du 6 au 10 septembre | Nooteboom Trailers\",\"isPartOf\":{\"@id\":\"https:\/\/www.nooteboom.com\/fr\/#website\"},\"primaryImageOfPage\":{\"@id\":\"https:\/\/www.nooteboom.com\/fr\/nooteboom-a-matexpo-du-6-au-10-septembre\/#primaryimage\"},\"image\":{\"@id\":\"https:\/\/www.nooteboom.com\/fr\/nooteboom-a-matexpo-du-6-au-10-septembre\/#primaryimage\"},\"thumbnailUrl\":\"https:\/\/www.nooteboom.com\/wp-content\/uploads\/Unknown-1.jpeg\",\"datePublished\":\"2023-09-05T19:43:06+00:00\",\"dateModified\":\"2023-09-07T11:53:22+00:00\",\"description\":\"Du mercredi 6 au dimanche 10 septembre, se d\u00e9roule la Matexpo 2023, le salon professionnel international biennal des \u00e9quipements de construction, \u00e0 Kortrijk Xpo. Nooteboom Trailers y pr\u00e9sente ses derni\u00e8res innovations sur le stand 448 dans le hall 4. Si vous souhaitez nous rendre visite \u00e0 la Matexpo, cliquez ici pour obtenir... | Nooteboom Trailers\",\"breadcrumb\":{\"@id\":\"https:\/\/www.nooteboom.com\/fr\/nooteboom-a-matexpo-du-6-au-10-septembre\/#breadcrumb\"},\"inLanguage\":\"fr-FR\",\"potentialAction\":[{\"@type\":\"ReadAction\",\"target\":[\"https:\/\/www.nooteboom.com\/fr\/nooteboom-a-matexpo-du-6-au-10-septembre\/\"]}]},{\"@type\":\"ImageObject\",\"inLanguage\":\"fr-FR\",\"@id\":\"https:\/\/www.nooteboom.com\/fr\/nooteboom-a-matexpo-du-6-au-10-septembre\/#primaryimage\",\"url\":\"https:\/\/www.nooteboom.com\/wp-content\/uploads\/Unknown-1.jpeg\",\"contentUrl\":\"https:\/\/www.nooteboom.com\/wp-content\/uploads\/Unknown-1.jpeg\",\"width\":1600,\"height\":1200,\"caption\":\"Matexpo 2023\"},{\"@type\":\"BreadcrumbList\",\"@id\":\"https:\/\/www.nooteboom.com\/fr\/nooteboom-a-matexpo-du-6-au-10-septembre\/#breadcrumb\",\"itemListElement\":[{\"@type\":\"ListItem\",\"position\":1,\"name\":\"Home\",\"item\":\"https:\/\/www.nooteboom.com\/fr\/\"},{\"@type\":\"ListItem\",\"position\":2,\"name\":\"Nooteboom \u00e0 Matexpo du 6 au 10 septembre\"}]},{\"@type\":\"WebSite\",\"@id\":\"https:\/\/www.nooteboom.com\/fr\/#website\",\"url\":\"https:\/\/www.nooteboom.com\/fr\/\",\"name\":\"Nooteboom Trailers\",\"description\":\"Gets you there.\",\"publisher\":{\"@id\":\"https:\/\/www.nooteboom.com\/fr\/#organization\"},\"potentialAction\":[{\"@type\":\"SearchAction\",\"target\":{\"@type\":\"EntryPoint\",\"urlTemplate\":\"https:\/\/www.nooteboom.com\/fr\/?s={search_term_string}\"},\"query-input\":{\"@type\":\"PropertyValueSpecification\",\"valueRequired\":true,\"valueName\":\"search_term_string\"}}],\"inLanguage\":\"fr-FR\"},{\"@type\":\"Organization\",\"@id\":\"https:\/\/www.nooteboom.com\/fr\/#organization\",\"name\":\"Nooteboom Trailers\",\"url\":\"https:\/\/www.nooteboom.com\/fr\/\",\"logo\":{\"@type\":\"ImageObject\",\"inLanguage\":\"fr-FR\",\"@id\":\"https:\/\/www.nooteboom.com\/fr\/#\/schema\/logo\/image\/\",\"url\":\"https:\/\/www.nooteboom.com\/wp-content\/uploads\/logo.png\",\"contentUrl\":\"https:\/\/www.nooteboom.com\/wp-content\/uploads\/logo.png\",\"width\":111,\"height\":66,\"caption\":\"Nooteboom Trailers\"},\"image\":{\"@id\":\"https:\/\/www.nooteboom.com\/fr\/#\/schema\/logo\/image\/\"},\"sameAs\":[\"https:\/\/nl-nl.facebook.com\/nooteboomtrailers\/\",\"https:\/\/nl.linkedin.com\/company\/nooteboom-trailers\",\"https:\/\/www.youtube.com\/user\/Nooteboomtrailers\"]},{\"@type\":\"Person\",\"@id\":\"https:\/\/www.nooteboom.com\/fr\/#\/schema\/person\/375b5d0caf72eccb8a568826d6390b66\",\"name\":\"Xander Kamphuis\",\"image\":{\"@type\":\"ImageObject\",\"inLanguage\":\"fr-FR\",\"@id\":\"https:\/\/www.nooteboom.com\/fr\/#\/schema\/person\/image\/\",\"url\":\"https:\/\/secure.gravatar.com\/avatar\/a65af99837c9e097867d15cf2c32d9c4?s=96&d=mm&r=g\",\"contentUrl\":\"https:\/\/secure.gravatar.com\/avatar\/a65af99837c9e097867d15cf2c32d9c4?s=96&d=mm&r=g\",\"caption\":\"Xander Kamphuis\"}}]}<\/script>\n<!-- \/ Yoast SEO Premium plugin. -->","yoast_head_json":{"title":"Nooteboom \u00e0 Matexpo du 6 au 10 septembre | Nooteboom Trailers","description":"Du mercredi 6 au dimanche 10 septembre, se d\u00e9roule la Matexpo 2023, le salon professionnel international biennal des \u00e9quipements de construction, \u00e0 Kortrijk Xpo. Nooteboom Trailers y pr\u00e9sente ses derni\u00e8res innovations sur le stand 448 dans le hall 4. Si vous souhaitez nous rendre visite \u00e0 la Matexpo, cliquez ici pour obtenir... | Nooteboom Trailers","robots":{"index":"index","follow":"follow","max-snippet":"max-snippet:-1","max-image-preview":"max-image-preview:large","max-video-preview":"max-video-preview:-1"},"canonical":"https:\/\/www.nooteboom.com\/fr\/nooteboom-a-matexpo-du-6-au-10-septembre\/","og_locale":"fr_FR","og_type":"article","og_title":"Nooteboom \u00e0 Matexpo du 6 au 10 septembre","og_description":"Du mercredi 6 au dimanche 10 septembre, se d\u00e9roule la Matexpo 2023, le salon professionnel international biennal des \u00e9quipements de construction, \u00e0 Kortrijk Xpo. Nooteboom Trailers y pr\u00e9sente ses derni\u00e8res innovations sur le stand 448 dans le hall 4. Si vous souhaitez nous rendre visite \u00e0 la Matexpo, cliquez ici pour obtenir... | Nooteboom Trailers","og_url":"https:\/\/www.nooteboom.com\/fr\/nooteboom-a-matexpo-du-6-au-10-septembre\/","og_site_name":"Nooteboom Trailers","article_publisher":"https:\/\/nl-nl.facebook.com\/nooteboomtrailers\/","article_published_time":"2023-09-05T19:43:06+00:00","article_modified_time":"2023-09-07T11:53:22+00:00","og_image":[{"width":1600,"height":1200,"url":"https:\/\/www.nooteboom.com\/wp-content\/uploads\/Unknown-1.jpeg","type":"image\/jpeg"}],"author":"Xander Kamphuis","twitter_card":"summary_large_image","twitter_misc":{"\u00c9crit par":"Xander Kamphuis","Dur\u00e9e de lecture estim\u00e9e":"2 minutes"},"schema":{"@context":"https:\/\/schema.org","@graph":[{"@type":"Article","@id":"https:\/\/www.nooteboom.com\/fr\/nooteboom-a-matexpo-du-6-au-10-septembre\/#article","isPartOf":{"@id":"https:\/\/www.nooteboom.com\/fr\/nooteboom-a-matexpo-du-6-au-10-septembre\/"},"author":{"name":"Xander Kamphuis","@id":"https:\/\/www.nooteboom.com\/fr\/#\/schema\/person\/375b5d0caf72eccb8a568826d6390b66"},"headline":"Nooteboom \u00e0 Matexpo du 6 au 10 septembre","datePublished":"2023-09-05T19:43:06+00:00","dateModified":"2023-09-07T11:53:22+00:00","mainEntityOfPage":{"@id":"https:\/\/www.nooteboom.com\/fr\/nooteboom-a-matexpo-du-6-au-10-septembre\/"},"wordCount":324,"publisher":{"@id":"https:\/\/www.nooteboom.com\/fr\/#organization"},"image":{"@id":"https:\/\/www.nooteboom.com\/fr\/nooteboom-a-matexpo-du-6-au-10-septembre\/#primaryimage"},"thumbnailUrl":"https:\/\/www.nooteboom.com\/wp-content\/uploads\/Unknown-1.jpeg","articleSection":["Informations Nooteboom"],"inLanguage":"fr-FR"},{"@type":"WebPage","@id":"https:\/\/www.nooteboom.com\/fr\/nooteboom-a-matexpo-du-6-au-10-septembre\/","url":"https:\/\/www.nooteboom.com\/fr\/nooteboom-a-matexpo-du-6-au-10-septembre\/","name":"Nooteboom \u00e0 Matexpo du 6 au 10 septembre | Nooteboom Trailers","isPartOf":{"@id":"https:\/\/www.nooteboom.com\/fr\/#website"},"primaryImageOfPage":{"@id":"https:\/\/www.nooteboom.com\/fr\/nooteboom-a-matexpo-du-6-au-10-septembre\/#primaryimage"},"image":{"@id":"https:\/\/www.nooteboom.com\/fr\/nooteboom-a-matexpo-du-6-au-10-septembre\/#primaryimage"},"thumbnailUrl":"https:\/\/www.nooteboom.com\/wp-content\/uploads\/Unknown-1.jpeg","datePublished":"2023-09-05T19:43:06+00:00","dateModified":"2023-09-07T11:53:22+00:00","description":"Du mercredi 6 au dimanche 10 septembre, se d\u00e9roule la Matexpo 2023, le salon professionnel international biennal des \u00e9quipements de construction, \u00e0 Kortrijk Xpo. Nooteboom Trailers y pr\u00e9sente ses derni\u00e8res innovations sur le stand 448 dans le hall 4. Si vous souhaitez nous rendre visite \u00e0 la Matexpo, cliquez ici pour obtenir... | Nooteboom Trailers","breadcrumb":{"@id":"https:\/\/www.nooteboom.com\/fr\/nooteboom-a-matexpo-du-6-au-10-septembre\/#breadcrumb"},"inLanguage":"fr-FR","potentialAction":[{"@type":"ReadAction","target":["https:\/\/www.nooteboom.com\/fr\/nooteboom-a-matexpo-du-6-au-10-septembre\/"]}]},{"@type":"ImageObject","inLanguage":"fr-FR","@id":"https:\/\/www.nooteboom.com\/fr\/nooteboom-a-matexpo-du-6-au-10-septembre\/#primaryimage","url":"https:\/\/www.nooteboom.com\/wp-content\/uploads\/Unknown-1.jpeg","contentUrl":"https:\/\/www.nooteboom.com\/wp-content\/uploads\/Unknown-1.jpeg","width":1600,"height":1200,"caption":"Matexpo 2023"},{"@type":"BreadcrumbList","@id":"https:\/\/www.nooteboom.com\/fr\/nooteboom-a-matexpo-du-6-au-10-septembre\/#breadcrumb","itemListElement":[{"@type":"ListItem","position":1,"name":"Home","item":"https:\/\/www.nooteboom.com\/fr\/"},{"@type":"ListItem","position":2,"name":"Nooteboom \u00e0 Matexpo du 6 au 10 septembre"}]},{"@type":"WebSite","@id":"https:\/\/www.nooteboom.com\/fr\/#website","url":"https:\/\/www.nooteboom.com\/fr\/","name":"Nooteboom Trailers","description":"Gets you there.","publisher":{"@id":"https:\/\/www.nooteboom.com\/fr\/#organization"},"potentialAction":[{"@type":"SearchAction","target":{"@type":"EntryPoint","urlTemplate":"https:\/\/www.nooteboom.com\/fr\/?s={search_term_string}"},"query-input":{"@type":"PropertyValueSpecification","valueRequired":true,"valueName":"search_term_string"}}],"inLanguage":"fr-FR"},{"@type":"Organization","@id":"https:\/\/www.nooteboom.com\/fr\/#organization","name":"Nooteboom Trailers","url":"https:\/\/www.nooteboom.com\/fr\/","logo":{"@type":"ImageObject","inLanguage":"fr-FR","@id":"https:\/\/www.nooteboom.com\/fr\/#\/schema\/logo\/image\/","url":"https:\/\/www.nooteboom.com\/wp-content\/uploads\/logo.png","contentUrl":"https:\/\/www.nooteboom.com\/wp-content\/uploads\/logo.png","width":111,"height":66,"caption":"Nooteboom Trailers"},"image":{"@id":"https:\/\/www.nooteboom.com\/fr\/#\/schema\/logo\/image\/"},"sameAs":["https:\/\/nl-nl.facebook.com\/nooteboomtrailers\/","https:\/\/nl.linkedin.com\/company\/nooteboom-trailers","https:\/\/www.youtube.com\/user\/Nooteboomtrailers"]},{"@type":"Person","@id":"https:\/\/www.nooteboom.com\/fr\/#\/schema\/person\/375b5d0caf72eccb8a568826d6390b66","name":"Xander Kamphuis","image":{"@type":"ImageObject","inLanguage":"fr-FR","@id":"https:\/\/www.nooteboom.com\/fr\/#\/schema\/person\/image\/","url":"https:\/\/secure.gravatar.com\/avatar\/a65af99837c9e097867d15cf2c32d9c4?s=96&d=mm&r=g","contentUrl":"https:\/\/secure.gravatar.com\/avatar\/a65af99837c9e097867d15cf2c32d9c4?s=96&d=mm&r=g","caption":"Xander Kamphuis"}}]}},"_links":{"self":[{"href":"https:\/\/www.nooteboom.com\/fr\/wp-json\/wp\/v2\/posts\/2030923","targetHints":{"allow":["GET"]}}],"collection":[{"href":"https:\/\/www.nooteboom.com\/fr\/wp-json\/wp\/v2\/posts"}],"about":[{"href":"https:\/\/www.nooteboom.com\/fr\/wp-json\/wp\/v2\/types\/post"}],"author":[{"embeddable":true,"href":"https:\/\/www.nooteboom.com\/fr\/wp-json\/wp\/v2\/users\/45"}],"replies":[{"embeddable":true,"href":"https:\/\/www.nooteboom.com\/fr\/wp-json\/wp\/v2\/comments?post=2030923"}],"version-history":[{"count":5,"href":"https:\/\/www.nooteboom.com\/fr\/wp-json\/wp\/v2\/posts\/2030923\/revisions"}],"predecessor-version":[{"id":2030978,"href":"https:\/\/www.nooteboom.com\/fr\/wp-json\/wp\/v2\/posts\/2030923\/revisions\/2030978"}],"wp:featuredmedia":[{"embeddable":true,"href":"https:\/\/www.nooteboom.com\/fr\/wp-json\/wp\/v2\/media\/2030971"}],"wp:attachment":[{"href":"https:\/\/www.nooteboom.com\/fr\/wp-json\/wp\/v2\/media?parent=2030923"}],"wp:term":[{"taxonomy":"category","embeddable":true,"href":"https:\/\/www.nooteboom.com\/fr\/wp-json\/wp\/v2\/categories?post=2030923"},{"taxonomy":"post_tag","embeddable":true,"href":"https:\/\/www.nooteboom.com\/fr\/wp-json\/wp\/v2\/tags?post=2030923"}],"curies":[{"name":"wp","href":"https:\/\/api.w.org\/{rel}","templated":true}]}}