{"id":1941875,"date":"2022-09-19T08:30:45","date_gmt":"2022-09-19T06:30:45","guid":{"rendered":"https:\/\/www.nooteboom.com\/mack-speciaal-transportdag-le-dimanche-2-octobre\/"},"modified":"2022-09-19T08:30:45","modified_gmt":"2022-09-19T06:30:45","slug":"mack-speciaal-transportdag-le-dimanche-2-octobre","status":"publish","type":"post","link":"https:\/\/www.nooteboom.com\/fr\/mack-speciaal-transportdag-le-dimanche-2-octobre\/","title":{"rendered":"Mack &#038; Speciaal Transportdag Le dimanche 2 octobre"},"content":{"rendered":"<div class=\"wpb-content-wrapper\"><p>[vc_row][vc_column][vc_column_text]Le dimanche 2 octobre, la 41e \u00e9dition de Mack &amp; Speciaal Transportdag sera enfin lanc\u00e9e. Fid\u00e8le \u00e0 la tradition, Nooteboom, l&rsquo;un des principaux sponsors, sera bien s\u00fbr pr\u00e9sent avec plusieurs combinaisons. Le Mack &amp; Speciaal Transportdag est consid\u00e9r\u00e9 comme l&rsquo;un des plus grands \u00e9v\u00e9nements pour les camions, les grues et les transports sp\u00e9ciaux en Europe et attire chaque ann\u00e9e environ 10 000 visiteurs. Pour cet \u00e9v\u00e9nement unique, nous disposons d&rsquo;un nouveau lieu magnifique : le terrain d&rsquo;entra\u00eenement militaire \u00ab\u00a0De Vlasakkers\u00a0\u00bb \u00e0 Soesterberg. Le d\u00e9partement des transports lourds de la D\u00e9fense sera \u00e9galement pr\u00e9sent avec du mat\u00e9riel lors de cette journ\u00e9e. L&rsquo;entr\u00e9e \u00e0 l&rsquo;\u00e9v\u00e9nement est gratuite et sera ouverte de 10h00 \u00e0 17h00. Pour plus d&rsquo;informations, l&rsquo;itin\u00e9raire et la carte : <a href=\"http:\/\/www.mackenspeciaaltransportdag.nl\">www.mackenspeciaaltransportdag.nl<\/a>.<\/p>\n<p>Vous \u00eates les bienvenus dans l\u2019hospitality trailer de Nooteboom pour boire un verre. Et les fans de Formule 1, et de Max Verstappen en particulier, pourront regarder la course en direct \u00e0 partir de 14 heures sur le grand \u00e9cran de notre Nooteboom l\u2019hospitality trailer.[\/vc_column_text][\/vc_column][\/vc_row][vc_row][vc_column width=\u00a0\u00bb1\/2&Prime;][vc_single_image image=\u00a0\u00bb1746403&Prime; img_size=\u00a0\u00bblarge\u00a0\u00bb][\/vc_column][vc_column width=\u00a0\u00bb1\/2&Prime;][vc_column_text]-[\/vc_column_text][\/vc_column][\/vc_row]<\/p>\n<\/div>","protected":false},"excerpt":{"rendered":"Le dimanche 2 octobre, la 41e \u00e9dition de Mack &#038; Speciaal Transportdag sera enfin lanc\u00e9e. Fid\u00e8le \u00e0 la tradition, Nooteboom, l&rsquo;un des principaux sponsors, sera bien s\u00fbr pr\u00e9sent avec plusieurs combinaisons. Le Mack &#038; Speciaal Transportdag est consid\u00e9r\u00e9 comme l&rsquo;un des plus grands \u00e9v\u00e9nements pour les camions, les grues et les transports sp\u00e9ciaux en Europe et attire chaque ann\u00e9e environ 10 000 visiteurs. ","protected":false},"author":45,"featured_media":1718715,"comment_status":"closed","ping_status":"closed","sticky":false,"template":"","format":"standard","meta":{"_acf_changed":false,"inline_featured_image":false,"footnotes":""},"categories":[180],"tags":[],"class_list":["post-1941875","post","type-post","status-publish","format-standard","has-post-thumbnail","hentry","category-informations-nooteboom"],"acf":[],"yoast_head":"<!-- This site is optimized with the Yoast SEO Premium plugin v25.7.1 (Yoast SEO v25.7) - https:\/\/yoast.com\/wordpress\/plugins\/seo\/ -->\n<title>Mack &amp; Speciaal Transportdag Le dimanche 2 octobre | Nooteboom Trailers<\/title>\n<meta name=\"description\" content=\"Le dimanche 2 octobre, la 41e \u00e9dition de Mack &amp; Speciaal Transportdag sera enfin lanc\u00e9e. Fid\u00e8le \u00e0 la tradition, Nooteboom, l&#039;un des principaux sponsors, sera bien s\u00fbr pr\u00e9sent avec plusieurs combinaisons. Le Mack &amp; Speciaal Transportdag est consid\u00e9r\u00e9 comme l&#039;un des plus grands \u00e9v\u00e9nements pour les camions, les grues et les transports sp\u00e9ciaux en Europe et attire chaque ann\u00e9e environ 10 000 visiteurs. | Nooteboom Trailers\" \/>\n<meta name=\"robots\" content=\"index, follow, max-snippet:-1, max-image-preview:large, max-video-preview:-1\" \/>\n<link rel=\"canonical\" href=\"https:\/\/www.nooteboom.com\/fr\/mack-speciaal-transportdag-le-dimanche-2-octobre\/\" \/>\n<meta property=\"og:locale\" content=\"fr_FR\" \/>\n<meta property=\"og:type\" content=\"article\" \/>\n<meta property=\"og:title\" content=\"Mack &amp; Speciaal Transportdag Le dimanche 2 octobre\" \/>\n<meta property=\"og:description\" content=\"Le dimanche 2 octobre, la 41e \u00e9dition de Mack &amp; Speciaal Transportdag sera enfin lanc\u00e9e. Fid\u00e8le \u00e0 la tradition, Nooteboom, l&#039;un des principaux sponsors, sera bien s\u00fbr pr\u00e9sent avec plusieurs combinaisons. Le Mack &amp; Speciaal Transportdag est consid\u00e9r\u00e9 comme l&#039;un des plus grands \u00e9v\u00e9nements pour les camions, les grues et les transports sp\u00e9ciaux en Europe et attire chaque ann\u00e9e environ 10 000 visiteurs. | Nooteboom Trailers\" \/>\n<meta property=\"og:url\" content=\"https:\/\/www.nooteboom.com\/fr\/mack-speciaal-transportdag-le-dimanche-2-octobre\/\" \/>\n<meta property=\"og:site_name\" content=\"Nooteboom Trailers\" \/>\n<meta property=\"article:publisher\" content=\"https:\/\/nl-nl.facebook.com\/nooteboomtrailers\/\" \/>\n<meta property=\"article:published_time\" content=\"2022-09-19T06:30:45+00:00\" \/>\n<meta property=\"og:image\" content=\"https:\/\/www.nooteboom.com\/wp-content\/uploads\/DSCF0103.jpg\" \/>\n\t<meta property=\"og:image:width\" content=\"6000\" \/>\n\t<meta property=\"og:image:height\" content=\"4000\" \/>\n\t<meta property=\"og:image:type\" content=\"image\/jpeg\" \/>\n<meta name=\"author\" content=\"Xander Kamphuis\" \/>\n<meta name=\"twitter:card\" content=\"summary_large_image\" \/>\n<meta name=\"twitter:label1\" content=\"\u00c9crit par\" \/>\n\t<meta name=\"twitter:data1\" content=\"Xander Kamphuis\" \/>\n\t<meta name=\"twitter:label2\" content=\"Dur\u00e9e de lecture estim\u00e9e\" \/>\n\t<meta name=\"twitter:data2\" content=\"1 minute\" \/>\n<script type=\"application\/ld+json\" class=\"yoast-schema-graph\">{\"@context\":\"https:\/\/schema.org\",\"@graph\":[{\"@type\":\"Article\",\"@id\":\"https:\/\/www.nooteboom.com\/fr\/mack-speciaal-transportdag-le-dimanche-2-octobre\/#article\",\"isPartOf\":{\"@id\":\"https:\/\/www.nooteboom.com\/fr\/mack-speciaal-transportdag-le-dimanche-2-octobre\/\"},\"author\":{\"name\":\"Xander Kamphuis\",\"@id\":\"https:\/\/www.nooteboom.com\/fr\/#\/schema\/person\/375b5d0caf72eccb8a568826d6390b66\"},\"headline\":\"Mack &#038; Speciaal Transportdag Le dimanche 2 octobre\",\"datePublished\":\"2022-09-19T06:30:45+00:00\",\"mainEntityOfPage\":{\"@id\":\"https:\/\/www.nooteboom.com\/fr\/mack-speciaal-transportdag-le-dimanche-2-octobre\/\"},\"wordCount\":232,\"publisher\":{\"@id\":\"https:\/\/www.nooteboom.com\/fr\/#organization\"},\"image\":{\"@id\":\"https:\/\/www.nooteboom.com\/fr\/mack-speciaal-transportdag-le-dimanche-2-octobre\/#primaryimage\"},\"thumbnailUrl\":\"https:\/\/www.nooteboom.com\/wp-content\/uploads\/DSCF0103.jpg\",\"articleSection\":[\"Informations Nooteboom\"],\"inLanguage\":\"fr-FR\"},{\"@type\":\"WebPage\",\"@id\":\"https:\/\/www.nooteboom.com\/fr\/mack-speciaal-transportdag-le-dimanche-2-octobre\/\",\"url\":\"https:\/\/www.nooteboom.com\/fr\/mack-speciaal-transportdag-le-dimanche-2-octobre\/\",\"name\":\"Mack & Speciaal Transportdag Le dimanche 2 octobre | Nooteboom Trailers\",\"isPartOf\":{\"@id\":\"https:\/\/www.nooteboom.com\/fr\/#website\"},\"primaryImageOfPage\":{\"@id\":\"https:\/\/www.nooteboom.com\/fr\/mack-speciaal-transportdag-le-dimanche-2-octobre\/#primaryimage\"},\"image\":{\"@id\":\"https:\/\/www.nooteboom.com\/fr\/mack-speciaal-transportdag-le-dimanche-2-octobre\/#primaryimage\"},\"thumbnailUrl\":\"https:\/\/www.nooteboom.com\/wp-content\/uploads\/DSCF0103.jpg\",\"datePublished\":\"2022-09-19T06:30:45+00:00\",\"description\":\"Le dimanche 2 octobre, la 41e \u00e9dition de Mack & Speciaal Transportdag sera enfin lanc\u00e9e. Fid\u00e8le \u00e0 la tradition, Nooteboom, l'un des principaux sponsors, sera bien s\u00fbr pr\u00e9sent avec plusieurs combinaisons. Le Mack & Speciaal Transportdag est consid\u00e9r\u00e9 comme l'un des plus grands \u00e9v\u00e9nements pour les camions, les grues et les transports sp\u00e9ciaux en Europe et attire chaque ann\u00e9e environ 10 000 visiteurs. | Nooteboom Trailers\",\"breadcrumb\":{\"@id\":\"https:\/\/www.nooteboom.com\/fr\/mack-speciaal-transportdag-le-dimanche-2-octobre\/#breadcrumb\"},\"inLanguage\":\"fr-FR\",\"potentialAction\":[{\"@type\":\"ReadAction\",\"target\":[\"https:\/\/www.nooteboom.com\/fr\/mack-speciaal-transportdag-le-dimanche-2-octobre\/\"]}]},{\"@type\":\"ImageObject\",\"inLanguage\":\"fr-FR\",\"@id\":\"https:\/\/www.nooteboom.com\/fr\/mack-speciaal-transportdag-le-dimanche-2-octobre\/#primaryimage\",\"url\":\"https:\/\/www.nooteboom.com\/wp-content\/uploads\/DSCF0103.jpg\",\"contentUrl\":\"https:\/\/www.nooteboom.com\/wp-content\/uploads\/DSCF0103.jpg\",\"width\":6000,\"height\":4000,\"caption\":\"Mack en Speicaal Transportdag\"},{\"@type\":\"BreadcrumbList\",\"@id\":\"https:\/\/www.nooteboom.com\/fr\/mack-speciaal-transportdag-le-dimanche-2-octobre\/#breadcrumb\",\"itemListElement\":[{\"@type\":\"ListItem\",\"position\":1,\"name\":\"Home\",\"item\":\"https:\/\/www.nooteboom.com\/fr\/\"},{\"@type\":\"ListItem\",\"position\":2,\"name\":\"Mack &#038; Speciaal Transportdag Le dimanche 2 octobre\"}]},{\"@type\":\"WebSite\",\"@id\":\"https:\/\/www.nooteboom.com\/fr\/#website\",\"url\":\"https:\/\/www.nooteboom.com\/fr\/\",\"name\":\"Nooteboom Trailers\",\"description\":\"Gets you there.\",\"publisher\":{\"@id\":\"https:\/\/www.nooteboom.com\/fr\/#organization\"},\"potentialAction\":[{\"@type\":\"SearchAction\",\"target\":{\"@type\":\"EntryPoint\",\"urlTemplate\":\"https:\/\/www.nooteboom.com\/fr\/?s={search_term_string}\"},\"query-input\":{\"@type\":\"PropertyValueSpecification\",\"valueRequired\":true,\"valueName\":\"search_term_string\"}}],\"inLanguage\":\"fr-FR\"},{\"@type\":\"Organization\",\"@id\":\"https:\/\/www.nooteboom.com\/fr\/#organization\",\"name\":\"Nooteboom Trailers\",\"url\":\"https:\/\/www.nooteboom.com\/fr\/\",\"logo\":{\"@type\":\"ImageObject\",\"inLanguage\":\"fr-FR\",\"@id\":\"https:\/\/www.nooteboom.com\/fr\/#\/schema\/logo\/image\/\",\"url\":\"https:\/\/www.nooteboom.com\/wp-content\/uploads\/logo.png\",\"contentUrl\":\"https:\/\/www.nooteboom.com\/wp-content\/uploads\/logo.png\",\"width\":111,\"height\":66,\"caption\":\"Nooteboom Trailers\"},\"image\":{\"@id\":\"https:\/\/www.nooteboom.com\/fr\/#\/schema\/logo\/image\/\"},\"sameAs\":[\"https:\/\/nl-nl.facebook.com\/nooteboomtrailers\/\",\"https:\/\/nl.linkedin.com\/company\/nooteboom-trailers\",\"https:\/\/www.youtube.com\/user\/Nooteboomtrailers\"]},{\"@type\":\"Person\",\"@id\":\"https:\/\/www.nooteboom.com\/fr\/#\/schema\/person\/375b5d0caf72eccb8a568826d6390b66\",\"name\":\"Xander Kamphuis\",\"image\":{\"@type\":\"ImageObject\",\"inLanguage\":\"fr-FR\",\"@id\":\"https:\/\/www.nooteboom.com\/fr\/#\/schema\/person\/image\/\",\"url\":\"https:\/\/secure.gravatar.com\/avatar\/a65af99837c9e097867d15cf2c32d9c4?s=96&d=mm&r=g\",\"contentUrl\":\"https:\/\/secure.gravatar.com\/avatar\/a65af99837c9e097867d15cf2c32d9c4?s=96&d=mm&r=g\",\"caption\":\"Xander Kamphuis\"}}]}<\/script>\n<!-- \/ Yoast SEO Premium plugin. -->","yoast_head_json":{"title":"Mack & Speciaal Transportdag Le dimanche 2 octobre | Nooteboom Trailers","description":"Le dimanche 2 octobre, la 41e \u00e9dition de Mack & Speciaal Transportdag sera enfin lanc\u00e9e. Fid\u00e8le \u00e0 la tradition, Nooteboom, l'un des principaux sponsors, sera bien s\u00fbr pr\u00e9sent avec plusieurs combinaisons. Le Mack & Speciaal Transportdag est consid\u00e9r\u00e9 comme l'un des plus grands \u00e9v\u00e9nements pour les camions, les grues et les transports sp\u00e9ciaux en Europe et attire chaque ann\u00e9e environ 10 000 visiteurs. | Nooteboom Trailers","robots":{"index":"index","follow":"follow","max-snippet":"max-snippet:-1","max-image-preview":"max-image-preview:large","max-video-preview":"max-video-preview:-1"},"canonical":"https:\/\/www.nooteboom.com\/fr\/mack-speciaal-transportdag-le-dimanche-2-octobre\/","og_locale":"fr_FR","og_type":"article","og_title":"Mack & Speciaal Transportdag Le dimanche 2 octobre","og_description":"Le dimanche 2 octobre, la 41e \u00e9dition de Mack & Speciaal Transportdag sera enfin lanc\u00e9e. Fid\u00e8le \u00e0 la tradition, Nooteboom, l'un des principaux sponsors, sera bien s\u00fbr pr\u00e9sent avec plusieurs combinaisons. Le Mack & Speciaal Transportdag est consid\u00e9r\u00e9 comme l'un des plus grands \u00e9v\u00e9nements pour les camions, les grues et les transports sp\u00e9ciaux en Europe et attire chaque ann\u00e9e environ 10 000 visiteurs. | Nooteboom Trailers","og_url":"https:\/\/www.nooteboom.com\/fr\/mack-speciaal-transportdag-le-dimanche-2-octobre\/","og_site_name":"Nooteboom Trailers","article_publisher":"https:\/\/nl-nl.facebook.com\/nooteboomtrailers\/","article_published_time":"2022-09-19T06:30:45+00:00","og_image":[{"width":6000,"height":4000,"url":"https:\/\/www.nooteboom.com\/wp-content\/uploads\/DSCF0103.jpg","type":"image\/jpeg"}],"author":"Xander Kamphuis","twitter_card":"summary_large_image","twitter_misc":{"\u00c9crit par":"Xander Kamphuis","Dur\u00e9e de lecture estim\u00e9e":"1 minute"},"schema":{"@context":"https:\/\/schema.org","@graph":[{"@type":"Article","@id":"https:\/\/www.nooteboom.com\/fr\/mack-speciaal-transportdag-le-dimanche-2-octobre\/#article","isPartOf":{"@id":"https:\/\/www.nooteboom.com\/fr\/mack-speciaal-transportdag-le-dimanche-2-octobre\/"},"author":{"name":"Xander Kamphuis","@id":"https:\/\/www.nooteboom.com\/fr\/#\/schema\/person\/375b5d0caf72eccb8a568826d6390b66"},"headline":"Mack &#038; Speciaal Transportdag Le dimanche 2 octobre","datePublished":"2022-09-19T06:30:45+00:00","mainEntityOfPage":{"@id":"https:\/\/www.nooteboom.com\/fr\/mack-speciaal-transportdag-le-dimanche-2-octobre\/"},"wordCount":232,"publisher":{"@id":"https:\/\/www.nooteboom.com\/fr\/#organization"},"image":{"@id":"https:\/\/www.nooteboom.com\/fr\/mack-speciaal-transportdag-le-dimanche-2-octobre\/#primaryimage"},"thumbnailUrl":"https:\/\/www.nooteboom.com\/wp-content\/uploads\/DSCF0103.jpg","articleSection":["Informations Nooteboom"],"inLanguage":"fr-FR"},{"@type":"WebPage","@id":"https:\/\/www.nooteboom.com\/fr\/mack-speciaal-transportdag-le-dimanche-2-octobre\/","url":"https:\/\/www.nooteboom.com\/fr\/mack-speciaal-transportdag-le-dimanche-2-octobre\/","name":"Mack & Speciaal Transportdag Le dimanche 2 octobre | Nooteboom Trailers","isPartOf":{"@id":"https:\/\/www.nooteboom.com\/fr\/#website"},"primaryImageOfPage":{"@id":"https:\/\/www.nooteboom.com\/fr\/mack-speciaal-transportdag-le-dimanche-2-octobre\/#primaryimage"},"image":{"@id":"https:\/\/www.nooteboom.com\/fr\/mack-speciaal-transportdag-le-dimanche-2-octobre\/#primaryimage"},"thumbnailUrl":"https:\/\/www.nooteboom.com\/wp-content\/uploads\/DSCF0103.jpg","datePublished":"2022-09-19T06:30:45+00:00","description":"Le dimanche 2 octobre, la 41e \u00e9dition de Mack & Speciaal Transportdag sera enfin lanc\u00e9e. Fid\u00e8le \u00e0 la tradition, Nooteboom, l'un des principaux sponsors, sera bien s\u00fbr pr\u00e9sent avec plusieurs combinaisons. Le Mack & Speciaal Transportdag est consid\u00e9r\u00e9 comme l'un des plus grands \u00e9v\u00e9nements pour les camions, les grues et les transports sp\u00e9ciaux en Europe et attire chaque ann\u00e9e environ 10 000 visiteurs. | Nooteboom Trailers","breadcrumb":{"@id":"https:\/\/www.nooteboom.com\/fr\/mack-speciaal-transportdag-le-dimanche-2-octobre\/#breadcrumb"},"inLanguage":"fr-FR","potentialAction":[{"@type":"ReadAction","target":["https:\/\/www.nooteboom.com\/fr\/mack-speciaal-transportdag-le-dimanche-2-octobre\/"]}]},{"@type":"ImageObject","inLanguage":"fr-FR","@id":"https:\/\/www.nooteboom.com\/fr\/mack-speciaal-transportdag-le-dimanche-2-octobre\/#primaryimage","url":"https:\/\/www.nooteboom.com\/wp-content\/uploads\/DSCF0103.jpg","contentUrl":"https:\/\/www.nooteboom.com\/wp-content\/uploads\/DSCF0103.jpg","width":6000,"height":4000,"caption":"Mack en Speicaal Transportdag"},{"@type":"BreadcrumbList","@id":"https:\/\/www.nooteboom.com\/fr\/mack-speciaal-transportdag-le-dimanche-2-octobre\/#breadcrumb","itemListElement":[{"@type":"ListItem","position":1,"name":"Home","item":"https:\/\/www.nooteboom.com\/fr\/"},{"@type":"ListItem","position":2,"name":"Mack &#038; Speciaal Transportdag Le dimanche 2 octobre"}]},{"@type":"WebSite","@id":"https:\/\/www.nooteboom.com\/fr\/#website","url":"https:\/\/www.nooteboom.com\/fr\/","name":"Nooteboom Trailers","description":"Gets you there.","publisher":{"@id":"https:\/\/www.nooteboom.com\/fr\/#organization"},"potentialAction":[{"@type":"SearchAction","target":{"@type":"EntryPoint","urlTemplate":"https:\/\/www.nooteboom.com\/fr\/?s={search_term_string}"},"query-input":{"@type":"PropertyValueSpecification","valueRequired":true,"valueName":"search_term_string"}}],"inLanguage":"fr-FR"},{"@type":"Organization","@id":"https:\/\/www.nooteboom.com\/fr\/#organization","name":"Nooteboom Trailers","url":"https:\/\/www.nooteboom.com\/fr\/","logo":{"@type":"ImageObject","inLanguage":"fr-FR","@id":"https:\/\/www.nooteboom.com\/fr\/#\/schema\/logo\/image\/","url":"https:\/\/www.nooteboom.com\/wp-content\/uploads\/logo.png","contentUrl":"https:\/\/www.nooteboom.com\/wp-content\/uploads\/logo.png","width":111,"height":66,"caption":"Nooteboom Trailers"},"image":{"@id":"https:\/\/www.nooteboom.com\/fr\/#\/schema\/logo\/image\/"},"sameAs":["https:\/\/nl-nl.facebook.com\/nooteboomtrailers\/","https:\/\/nl.linkedin.com\/company\/nooteboom-trailers","https:\/\/www.youtube.com\/user\/Nooteboomtrailers"]},{"@type":"Person","@id":"https:\/\/www.nooteboom.com\/fr\/#\/schema\/person\/375b5d0caf72eccb8a568826d6390b66","name":"Xander Kamphuis","image":{"@type":"ImageObject","inLanguage":"fr-FR","@id":"https:\/\/www.nooteboom.com\/fr\/#\/schema\/person\/image\/","url":"https:\/\/secure.gravatar.com\/avatar\/a65af99837c9e097867d15cf2c32d9c4?s=96&d=mm&r=g","contentUrl":"https:\/\/secure.gravatar.com\/avatar\/a65af99837c9e097867d15cf2c32d9c4?s=96&d=mm&r=g","caption":"Xander Kamphuis"}}]}},"_links":{"self":[{"href":"https:\/\/www.nooteboom.com\/fr\/wp-json\/wp\/v2\/posts\/1941875","targetHints":{"allow":["GET"]}}],"collection":[{"href":"https:\/\/www.nooteboom.com\/fr\/wp-json\/wp\/v2\/posts"}],"about":[{"href":"https:\/\/www.nooteboom.com\/fr\/wp-json\/wp\/v2\/types\/post"}],"author":[{"embeddable":true,"href":"https:\/\/www.nooteboom.com\/fr\/wp-json\/wp\/v2\/users\/45"}],"replies":[{"embeddable":true,"href":"https:\/\/www.nooteboom.com\/fr\/wp-json\/wp\/v2\/comments?post=1941875"}],"version-history":[{"count":2,"href":"https:\/\/www.nooteboom.com\/fr\/wp-json\/wp\/v2\/posts\/1941875\/revisions"}],"predecessor-version":[{"id":1941877,"href":"https:\/\/www.nooteboom.com\/fr\/wp-json\/wp\/v2\/posts\/1941875\/revisions\/1941877"}],"wp:featuredmedia":[{"embeddable":true,"href":"https:\/\/www.nooteboom.com\/fr\/wp-json\/wp\/v2\/media\/1718715"}],"wp:attachment":[{"href":"https:\/\/www.nooteboom.com\/fr\/wp-json\/wp\/v2\/media?parent=1941875"}],"wp:term":[{"taxonomy":"category","embeddable":true,"href":"https:\/\/www.nooteboom.com\/fr\/wp-json\/wp\/v2\/categories?post=1941875"},{"taxonomy":"post_tag","embeddable":true,"href":"https:\/\/www.nooteboom.com\/fr\/wp-json\/wp\/v2\/tags?post=1941875"}],"curies":[{"name":"wp","href":"https:\/\/api.w.org\/{rel}","templated":true}]}}