{"id":1875772,"date":"2021-10-11T16:04:40","date_gmt":"2021-10-11T14:04:40","guid":{"rendered":"https:\/\/www.nooteboom.com\/marinka-nooteboom-nouvelle-femme-daffaires-de-lannee-202\/"},"modified":"2021-10-14T15:08:54","modified_gmt":"2021-10-14T13:08:54","slug":"marinka-nooteboom-nouvelle-femme-daffaires-de-lannee-202","status":"publish","type":"post","link":"https:\/\/www.nooteboom.com\/fr\/marinka-nooteboom-nouvelle-femme-daffaires-de-lannee-202\/","title":{"rendered":"Marinka Nooteboom nouvelle femme d&rsquo;affaires de l&rsquo;ann\u00e9e 202"},"content":{"rendered":"<div class=\"wpb-content-wrapper\"><p>[vc_row][vc_column][vc_column_text]<\/p>\n<h3><strong><em>Le Prix Veuve Clicquot d\u00e9cern\u00e9 \u00e0 la dirigeante du Royal Nooteboom Group, l&rsquo;un des plus grands constructeurs de remorques pour le transport routier exceptionnel en Europe <\/em><\/strong><\/h3>\n<p>[\/vc_column_text][vc_column_text]<strong>WIJCHEN &#8211; Marinka Nooteboom, directrice g\u00e9n\u00e9rale du Royal Nooteboom Group, a \u00e9t\u00e9 nomm\u00e9e Femme d&rsquo;Affaires de l&rsquo;Ann\u00e9e 2022 par le jury du Prix Veuve Clicquot qui r\u00e9compense les femmes aux parcours remarquables. <\/strong>[\/vc_column_text][\/vc_column][\/vc_row][vc_row][vc_column width=\u00a0\u00bb1\/2&Prime;][vc_column_text]Le prix a \u00e9t\u00e9 remis lundi 11 octobre 2021, en pr\u00e9sence de la ministre sortante Barbara Visser (Infrastructure et Gestion de l&rsquo;eau) dans le Hallen d&rsquo;Amsterdam.<\/p>\n<p>Le Prix Veuve Clicquot, r\u00e9compensant les femmes aux parcours remarquables, est consid\u00e9r\u00e9 comme le prix entrepreneurial le plus important pour les femmes d&rsquo;affaires dans le monde des affaires n\u00e9erlandais et vise \u00e0 promouvoir l&rsquo;entrepreneuriat f\u00e9minin.<\/p>\n<p>Depuis 2012, Marinka Nooteboom, 50 ans, dirige l&rsquo;entreprise familiale fond\u00e9e en 1881 et qui porte le nom de famille. Sa riche histoire est marqu\u00e9e par des innovations pionni\u00e8res enti\u00e8rement au service de ses clients. La nouvelle Femme d&rsquo;affaires de l&rsquo;ann\u00e9e appartient \u00e0 la cinqui\u00e8me g\u00e9n\u00e9ration de la famille Nooteboom \u00e0 la t\u00eate de l&rsquo;entreprise.[\/vc_column_text][\/vc_column][vc_column width=\u00a0\u00bb1\/2&Prime;][vc_single_image image=\u00a0\u00bb1875780&Prime; img_size=\u00a0\u00bblarge\u00a0\u00bb onclick=\u00a0\u00bblink_image\u00a0\u00bb css_animation=\u00a0\u00bbfadeInLeft\u00a0\u00bb][\/vc_column][\/vc_row][vc_row][vc_column][vc_column_text]Le jury du Prix Veuve Clicquot est pr\u00e9sid\u00e9 par l&rsquo;ancienne vice-premi\u00e8re ministre et pr\u00e9sidente du parti VVD \u00e0 la chambre haute, Annemarie Jorritsma et se compose en outre d&rsquo;Ingrid Thijssen (pr\u00e9sidente du syndicat patronal VNO-NCW), Jacco Vonhof (pr\u00e9sident de MKB-Nederland), Corien Wortmann-Kool (pr\u00e9sidente du conseil d&rsquo;administration de Stichting Pensioenfonds ABP) et Mireille Kaptein (Femme d&rsquo;affaires de l&rsquo;ann\u00e9e 2019).<\/p>\n<p>Marinka Nooteboom, la 39\u00e8me\u00a0femme d&rsquo;affaires \u00e0 \u00eatre nomm\u00e9e aux Pays-Bas, a \u00e9t\u00e9 surprise par la nomination du jury. \u00ab Avec Nooteboom, nous avons pris une nouvelle orientation ces derni\u00e8res ann\u00e9es et avons montr\u00e9 quelque chose que le jury a \u00e9videmment remarqu\u00e9 \u00bb, explique Nooteboom.[\/vc_column_text][vc_column_text]Depuis 1981, le Prix Veuve Clicquot est d\u00e9cern\u00e9 aux Pays-Bas \u00e0 des femmes d&rsquo;affaires exceptionnelles et prosp\u00e8res, notamment Anne-Marie Rakhorst, Elske Doets, Meiny Prins, Sylvia T\u00f3th, Yolanda Eijgenstein, Francine Houben, Aukje Kuypers et Mireille Kaptein. Toutes les femmes d&rsquo;affaires de l&rsquo;ann\u00e9e sont dans la tradition de la veuve Nicole-Barbe Clicquot-Ponsardin, qui a contribu\u00e9 \u00e0 l&rsquo;\u00e9panouissement de la c\u00e9l\u00e8bre maison de champagne bas\u00e9e \u00e0 Reims au 19\u00e8me\u00a0si\u00e8cle apr\u00e8s le d\u00e9c\u00e8s de son mari.<\/p>\n<p>Le Prix Veuve Clicquot est d\u00e9cern\u00e9 dans 27 pays, dont l&rsquo;Australie, la Suisse, la Su\u00e8de, le Danemark, la France, le Japon et les \u00c9tats-Unis. Les femmes d&rsquo;affaires de l&rsquo;ann\u00e9e se r\u00e9uniront plus tard dans l&rsquo;ann\u00e9e \u00e0 Reims, en France.[\/vc_column_text][\/vc_column][\/vc_row][vc_row][vc_column][vc_separator][\/vc_column][\/vc_row][vc_row][vc_column width=\u00a0\u00bb1\/3&Prime;][vc_column_text]<\/p>\n<p style=\"text-align: center;\"><strong>Impression<\/strong><\/p>\n<p>[\/vc_column_text][vc_video link=\u00a0\u00bbhttps:\/\/www.youtube.com\/watch?v=l-tyQ_oTpr0&Prime; css_animation=\u00a0\u00bbfadeInLeft\u00a0\u00bb][\/vc_column][vc_column width=\u00a0\u00bb1\/3&Prime;][vc_column_text]<\/p>\n<p style=\"text-align: center;\"><strong>Whole ceremony (Dutch)<\/strong><\/p>\n<p>[\/vc_column_text][vc_video link=\u00a0\u00bbhttps:\/\/www.youtube.com\/watch?v=OrtCP4zNbj4&Prime; align=\u00a0\u00bbcenter\u00a0\u00bb css_animation=\u00a0\u00bbfadeInUp\u00a0\u00bb][\/vc_column][vc_column width=\u00a0\u00bb1\/3&Prime;]<div class=\"vc_teaser\">\n\n\t\n\t\t<div onclick=\"window.location.href='https:\/\/www.marinkanooteboom.com';\" class=\"vc_teaser__inner clickable\">\n\n\t\t\t\t\t\t\t<figure>\n\t\t\t\t\t<img\n\t\t\t\t\t\t\tsrc=\"https:\/\/www.nooteboom.com\/wp-content\/uploads\/Marinka-Nooteboom-home2-500x333.jpg\"\n\t\t\t\t\t\t\talt=\"Marinka Nooteboom nouvelle femme d&rsquo;affaires de l&rsquo;ann\u00e9e 202\"\n\t\t\t\t\t\t\t\t\t\t\t\t\tsrcset=\"https:\/\/www.nooteboom.com\/wp-content\/uploads\/Marinka-Nooteboom-home2-300x199.jpg 300w,https:\/\/www.nooteboom.com\/wp-content\/uploads\/Marinka-Nooteboom-home2-768x511.jpg 768w,https:\/\/www.nooteboom.com\/wp-content\/uploads\/Marinka-Nooteboom-home2-1024x681.jpg 1024w\"\n\t\t\t\t\t\t\tsizes=\"(max-width: 500px) 100vw, 500px\"\n\t\t\t\t\t\t\t\t\t\t\t>\n\t\t\t\t<\/figure>\n\t\t\t\n\t\t\t\t\t\t\t<a href=\"https:\/\/www.marinkanooteboom.com\" target=\"\"\n\t\t\t\t   title=\"\" class=\"button red\">\n\t\t\t\t\twww.marinkanooteboom.com\t\t\t\t\t<span class=\"fa fa-chevron-right\"><\/span>\n\t\t\t\t<\/a>\n\t\t\t\n\t\t<\/div>\n\n\t\n<\/div>[\/vc_column][\/vc_row]<\/p>\n<\/div>","protected":false},"excerpt":{"rendered":"WIJCHEN &#8211; Marinka Nooteboom, directrice g\u00e9n\u00e9rale du Royal Nooteboom Group, a \u00e9t\u00e9 nomm\u00e9e Femme d&rsquo;Affaires de l&rsquo;Ann\u00e9e 2022 par le jury du Prix Veuve Clicquot qui r\u00e9compense les femmes aux parcours remarquables. \r\nLe prix a \u00e9t\u00e9 remis lundi 11 octobre 2021, en pr\u00e9sence de la ministre sortante Barbara Visser (Infrastructure et Gestion de l&rsquo;eau) dans le Hallen d&rsquo;Amsterdam.\r\n","protected":false},"author":45,"featured_media":1875782,"comment_status":"closed","ping_status":"closed","sticky":false,"template":"","format":"standard","meta":{"_acf_changed":false,"inline_featured_image":false,"footnotes":""},"categories":[180],"tags":[],"class_list":["post-1875772","post","type-post","status-publish","format-standard","has-post-thumbnail","hentry","category-informations-nooteboom"],"acf":[],"yoast_head":"<!-- This site is optimized with the Yoast SEO Premium plugin v25.7.1 (Yoast SEO v25.7) - https:\/\/yoast.com\/wordpress\/plugins\/seo\/ -->\n<title>Marinka Nooteboom nouvelle femme d&#039;affaires de l&#039;ann\u00e9e 202 | Nooteboom Trailers<\/title>\n<meta name=\"description\" content=\"WIJCHEN - Marinka Nooteboom, directrice g\u00e9n\u00e9rale du Royal Nooteboom Group, a \u00e9t\u00e9 nomm\u00e9e Femme d&#039;Affaires de l&#039;Ann\u00e9e 2022 par le jury du Prix Veuve Clicquot qui r\u00e9compense les femmes aux parcours remarquables.  Le prix a \u00e9t\u00e9 remis lundi 11 octobre 2021, en pr\u00e9sence de la ministre sortante Barbara Visser (Infrastructure et Gestion de l&#039;eau) dans le Hallen d&#039;Amsterdam. | Nooteboom Trailers\" \/>\n<meta name=\"robots\" content=\"index, follow, max-snippet:-1, max-image-preview:large, max-video-preview:-1\" \/>\n<link rel=\"canonical\" href=\"https:\/\/www.nooteboom.com\/fr\/marinka-nooteboom-nouvelle-femme-daffaires-de-lannee-202\/\" \/>\n<meta property=\"og:locale\" content=\"fr_FR\" \/>\n<meta property=\"og:type\" content=\"article\" \/>\n<meta property=\"og:title\" content=\"Marinka Nooteboom nouvelle femme d&#039;affaires de l&#039;ann\u00e9e 202\" \/>\n<meta property=\"og:description\" content=\"WIJCHEN - Marinka Nooteboom, directrice g\u00e9n\u00e9rale du Royal Nooteboom Group, a \u00e9t\u00e9 nomm\u00e9e Femme d&#039;Affaires de l&#039;Ann\u00e9e 2022 par le jury du Prix Veuve Clicquot qui r\u00e9compense les femmes aux parcours remarquables.  Le prix a \u00e9t\u00e9 remis lundi 11 octobre 2021, en pr\u00e9sence de la ministre sortante Barbara Visser (Infrastructure et Gestion de l&#039;eau) dans le Hallen d&#039;Amsterdam. | Nooteboom Trailers\" \/>\n<meta property=\"og:url\" content=\"https:\/\/www.nooteboom.com\/fr\/marinka-nooteboom-nouvelle-femme-daffaires-de-lannee-202\/\" \/>\n<meta property=\"og:site_name\" content=\"Nooteboom Trailers\" \/>\n<meta property=\"article:publisher\" content=\"https:\/\/nl-nl.facebook.com\/nooteboomtrailers\/\" \/>\n<meta property=\"article:published_time\" content=\"2021-10-11T14:04:40+00:00\" \/>\n<meta property=\"article:modified_time\" content=\"2021-10-14T13:08:54+00:00\" \/>\n<meta property=\"og:image\" content=\"https:\/\/www.nooteboom.com\/wp-content\/uploads\/Marinka-Nooteboom-ontvangt-Zakenvrouw-van-het-Jaar-2022-Award.jpg\" \/>\n\t<meta property=\"og:image:width\" content=\"1600\" \/>\n\t<meta property=\"og:image:height\" content=\"1097\" \/>\n\t<meta property=\"og:image:type\" content=\"image\/jpeg\" \/>\n<meta name=\"author\" content=\"Xander Kamphuis\" \/>\n<meta name=\"twitter:card\" content=\"summary_large_image\" \/>\n<meta name=\"twitter:label1\" content=\"\u00c9crit par\" \/>\n\t<meta name=\"twitter:data1\" content=\"Xander Kamphuis\" \/>\n\t<meta name=\"twitter:label2\" content=\"Dur\u00e9e de lecture estim\u00e9e\" \/>\n\t<meta name=\"twitter:data2\" content=\"2 minutes\" \/>\n<script type=\"application\/ld+json\" class=\"yoast-schema-graph\">{\"@context\":\"https:\/\/schema.org\",\"@graph\":[{\"@type\":\"Article\",\"@id\":\"https:\/\/www.nooteboom.com\/fr\/marinka-nooteboom-nouvelle-femme-daffaires-de-lannee-202\/#article\",\"isPartOf\":{\"@id\":\"https:\/\/www.nooteboom.com\/fr\/marinka-nooteboom-nouvelle-femme-daffaires-de-lannee-202\/\"},\"author\":{\"name\":\"Xander Kamphuis\",\"@id\":\"https:\/\/www.nooteboom.com\/fr\/#\/schema\/person\/375b5d0caf72eccb8a568826d6390b66\"},\"headline\":\"Marinka Nooteboom nouvelle femme d&rsquo;affaires de l&rsquo;ann\u00e9e 202\",\"datePublished\":\"2021-10-11T14:04:40+00:00\",\"dateModified\":\"2021-10-14T13:08:54+00:00\",\"mainEntityOfPage\":{\"@id\":\"https:\/\/www.nooteboom.com\/fr\/marinka-nooteboom-nouvelle-femme-daffaires-de-lannee-202\/\"},\"wordCount\":615,\"publisher\":{\"@id\":\"https:\/\/www.nooteboom.com\/fr\/#organization\"},\"image\":{\"@id\":\"https:\/\/www.nooteboom.com\/fr\/marinka-nooteboom-nouvelle-femme-daffaires-de-lannee-202\/#primaryimage\"},\"thumbnailUrl\":\"https:\/\/www.nooteboom.com\/wp-content\/uploads\/Marinka-Nooteboom-ontvangt-Zakenvrouw-van-het-Jaar-2022-Award.jpg\",\"articleSection\":[\"Informations Nooteboom\"],\"inLanguage\":\"fr-FR\"},{\"@type\":\"WebPage\",\"@id\":\"https:\/\/www.nooteboom.com\/fr\/marinka-nooteboom-nouvelle-femme-daffaires-de-lannee-202\/\",\"url\":\"https:\/\/www.nooteboom.com\/fr\/marinka-nooteboom-nouvelle-femme-daffaires-de-lannee-202\/\",\"name\":\"Marinka Nooteboom nouvelle femme d'affaires de l'ann\u00e9e 202 | Nooteboom Trailers\",\"isPartOf\":{\"@id\":\"https:\/\/www.nooteboom.com\/fr\/#website\"},\"primaryImageOfPage\":{\"@id\":\"https:\/\/www.nooteboom.com\/fr\/marinka-nooteboom-nouvelle-femme-daffaires-de-lannee-202\/#primaryimage\"},\"image\":{\"@id\":\"https:\/\/www.nooteboom.com\/fr\/marinka-nooteboom-nouvelle-femme-daffaires-de-lannee-202\/#primaryimage\"},\"thumbnailUrl\":\"https:\/\/www.nooteboom.com\/wp-content\/uploads\/Marinka-Nooteboom-ontvangt-Zakenvrouw-van-het-Jaar-2022-Award.jpg\",\"datePublished\":\"2021-10-11T14:04:40+00:00\",\"dateModified\":\"2021-10-14T13:08:54+00:00\",\"description\":\"WIJCHEN - Marinka Nooteboom, directrice g\u00e9n\u00e9rale du Royal Nooteboom Group, a \u00e9t\u00e9 nomm\u00e9e Femme d'Affaires de l'Ann\u00e9e 2022 par le jury du Prix Veuve Clicquot qui r\u00e9compense les femmes aux parcours remarquables. Le prix a \u00e9t\u00e9 remis lundi 11 octobre 2021, en pr\u00e9sence de la ministre sortante Barbara Visser (Infrastructure et Gestion de l'eau) dans le Hallen d'Amsterdam. | Nooteboom Trailers\",\"breadcrumb\":{\"@id\":\"https:\/\/www.nooteboom.com\/fr\/marinka-nooteboom-nouvelle-femme-daffaires-de-lannee-202\/#breadcrumb\"},\"inLanguage\":\"fr-FR\",\"potentialAction\":[{\"@type\":\"ReadAction\",\"target\":[\"https:\/\/www.nooteboom.com\/fr\/marinka-nooteboom-nouvelle-femme-daffaires-de-lannee-202\/\"]}]},{\"@type\":\"ImageObject\",\"inLanguage\":\"fr-FR\",\"@id\":\"https:\/\/www.nooteboom.com\/fr\/marinka-nooteboom-nouvelle-femme-daffaires-de-lannee-202\/#primaryimage\",\"url\":\"https:\/\/www.nooteboom.com\/wp-content\/uploads\/Marinka-Nooteboom-ontvangt-Zakenvrouw-van-het-Jaar-2022-Award.jpg\",\"contentUrl\":\"https:\/\/www.nooteboom.com\/wp-content\/uploads\/Marinka-Nooteboom-ontvangt-Zakenvrouw-van-het-Jaar-2022-Award.jpg\",\"width\":1600,\"height\":1097,\"caption\":\"Marinka Nooteboom ontvangt Zakenvrouw van het Jaar 2022 Award\"},{\"@type\":\"BreadcrumbList\",\"@id\":\"https:\/\/www.nooteboom.com\/fr\/marinka-nooteboom-nouvelle-femme-daffaires-de-lannee-202\/#breadcrumb\",\"itemListElement\":[{\"@type\":\"ListItem\",\"position\":1,\"name\":\"Home\",\"item\":\"https:\/\/www.nooteboom.com\/fr\/\"},{\"@type\":\"ListItem\",\"position\":2,\"name\":\"Marinka Nooteboom nouvelle femme d&rsquo;affaires de l&rsquo;ann\u00e9e 202\"}]},{\"@type\":\"WebSite\",\"@id\":\"https:\/\/www.nooteboom.com\/fr\/#website\",\"url\":\"https:\/\/www.nooteboom.com\/fr\/\",\"name\":\"Nooteboom Trailers\",\"description\":\"Gets you there.\",\"publisher\":{\"@id\":\"https:\/\/www.nooteboom.com\/fr\/#organization\"},\"potentialAction\":[{\"@type\":\"SearchAction\",\"target\":{\"@type\":\"EntryPoint\",\"urlTemplate\":\"https:\/\/www.nooteboom.com\/fr\/?s={search_term_string}\"},\"query-input\":{\"@type\":\"PropertyValueSpecification\",\"valueRequired\":true,\"valueName\":\"search_term_string\"}}],\"inLanguage\":\"fr-FR\"},{\"@type\":\"Organization\",\"@id\":\"https:\/\/www.nooteboom.com\/fr\/#organization\",\"name\":\"Nooteboom Trailers\",\"url\":\"https:\/\/www.nooteboom.com\/fr\/\",\"logo\":{\"@type\":\"ImageObject\",\"inLanguage\":\"fr-FR\",\"@id\":\"https:\/\/www.nooteboom.com\/fr\/#\/schema\/logo\/image\/\",\"url\":\"https:\/\/www.nooteboom.com\/wp-content\/uploads\/logo.png\",\"contentUrl\":\"https:\/\/www.nooteboom.com\/wp-content\/uploads\/logo.png\",\"width\":111,\"height\":66,\"caption\":\"Nooteboom Trailers\"},\"image\":{\"@id\":\"https:\/\/www.nooteboom.com\/fr\/#\/schema\/logo\/image\/\"},\"sameAs\":[\"https:\/\/nl-nl.facebook.com\/nooteboomtrailers\/\",\"https:\/\/nl.linkedin.com\/company\/nooteboom-trailers\",\"https:\/\/www.youtube.com\/user\/Nooteboomtrailers\"]},{\"@type\":\"Person\",\"@id\":\"https:\/\/www.nooteboom.com\/fr\/#\/schema\/person\/375b5d0caf72eccb8a568826d6390b66\",\"name\":\"Xander Kamphuis\",\"image\":{\"@type\":\"ImageObject\",\"inLanguage\":\"fr-FR\",\"@id\":\"https:\/\/www.nooteboom.com\/fr\/#\/schema\/person\/image\/\",\"url\":\"https:\/\/secure.gravatar.com\/avatar\/a65af99837c9e097867d15cf2c32d9c4?s=96&d=mm&r=g\",\"contentUrl\":\"https:\/\/secure.gravatar.com\/avatar\/a65af99837c9e097867d15cf2c32d9c4?s=96&d=mm&r=g\",\"caption\":\"Xander Kamphuis\"}}]}<\/script>\n<!-- \/ Yoast SEO Premium plugin. -->","yoast_head_json":{"title":"Marinka Nooteboom nouvelle femme d'affaires de l'ann\u00e9e 202 | Nooteboom Trailers","description":"WIJCHEN - Marinka Nooteboom, directrice g\u00e9n\u00e9rale du Royal Nooteboom Group, a \u00e9t\u00e9 nomm\u00e9e Femme d'Affaires de l'Ann\u00e9e 2022 par le jury du Prix Veuve Clicquot qui r\u00e9compense les femmes aux parcours remarquables.  Le prix a \u00e9t\u00e9 remis lundi 11 octobre 2021, en pr\u00e9sence de la ministre sortante Barbara Visser (Infrastructure et Gestion de l'eau) dans le Hallen d'Amsterdam. | Nooteboom Trailers","robots":{"index":"index","follow":"follow","max-snippet":"max-snippet:-1","max-image-preview":"max-image-preview:large","max-video-preview":"max-video-preview:-1"},"canonical":"https:\/\/www.nooteboom.com\/fr\/marinka-nooteboom-nouvelle-femme-daffaires-de-lannee-202\/","og_locale":"fr_FR","og_type":"article","og_title":"Marinka Nooteboom nouvelle femme d'affaires de l'ann\u00e9e 202","og_description":"WIJCHEN - Marinka Nooteboom, directrice g\u00e9n\u00e9rale du Royal Nooteboom Group, a \u00e9t\u00e9 nomm\u00e9e Femme d'Affaires de l'Ann\u00e9e 2022 par le jury du Prix Veuve Clicquot qui r\u00e9compense les femmes aux parcours remarquables.  Le prix a \u00e9t\u00e9 remis lundi 11 octobre 2021, en pr\u00e9sence de la ministre sortante Barbara Visser (Infrastructure et Gestion de l'eau) dans le Hallen d'Amsterdam. | Nooteboom Trailers","og_url":"https:\/\/www.nooteboom.com\/fr\/marinka-nooteboom-nouvelle-femme-daffaires-de-lannee-202\/","og_site_name":"Nooteboom Trailers","article_publisher":"https:\/\/nl-nl.facebook.com\/nooteboomtrailers\/","article_published_time":"2021-10-11T14:04:40+00:00","article_modified_time":"2021-10-14T13:08:54+00:00","og_image":[{"width":1600,"height":1097,"url":"https:\/\/www.nooteboom.com\/wp-content\/uploads\/Marinka-Nooteboom-ontvangt-Zakenvrouw-van-het-Jaar-2022-Award.jpg","type":"image\/jpeg"}],"author":"Xander Kamphuis","twitter_card":"summary_large_image","twitter_misc":{"\u00c9crit par":"Xander Kamphuis","Dur\u00e9e de lecture estim\u00e9e":"2 minutes"},"schema":{"@context":"https:\/\/schema.org","@graph":[{"@type":"Article","@id":"https:\/\/www.nooteboom.com\/fr\/marinka-nooteboom-nouvelle-femme-daffaires-de-lannee-202\/#article","isPartOf":{"@id":"https:\/\/www.nooteboom.com\/fr\/marinka-nooteboom-nouvelle-femme-daffaires-de-lannee-202\/"},"author":{"name":"Xander Kamphuis","@id":"https:\/\/www.nooteboom.com\/fr\/#\/schema\/person\/375b5d0caf72eccb8a568826d6390b66"},"headline":"Marinka Nooteboom nouvelle femme d&rsquo;affaires de l&rsquo;ann\u00e9e 202","datePublished":"2021-10-11T14:04:40+00:00","dateModified":"2021-10-14T13:08:54+00:00","mainEntityOfPage":{"@id":"https:\/\/www.nooteboom.com\/fr\/marinka-nooteboom-nouvelle-femme-daffaires-de-lannee-202\/"},"wordCount":615,"publisher":{"@id":"https:\/\/www.nooteboom.com\/fr\/#organization"},"image":{"@id":"https:\/\/www.nooteboom.com\/fr\/marinka-nooteboom-nouvelle-femme-daffaires-de-lannee-202\/#primaryimage"},"thumbnailUrl":"https:\/\/www.nooteboom.com\/wp-content\/uploads\/Marinka-Nooteboom-ontvangt-Zakenvrouw-van-het-Jaar-2022-Award.jpg","articleSection":["Informations Nooteboom"],"inLanguage":"fr-FR"},{"@type":"WebPage","@id":"https:\/\/www.nooteboom.com\/fr\/marinka-nooteboom-nouvelle-femme-daffaires-de-lannee-202\/","url":"https:\/\/www.nooteboom.com\/fr\/marinka-nooteboom-nouvelle-femme-daffaires-de-lannee-202\/","name":"Marinka Nooteboom nouvelle femme d'affaires de l'ann\u00e9e 202 | Nooteboom Trailers","isPartOf":{"@id":"https:\/\/www.nooteboom.com\/fr\/#website"},"primaryImageOfPage":{"@id":"https:\/\/www.nooteboom.com\/fr\/marinka-nooteboom-nouvelle-femme-daffaires-de-lannee-202\/#primaryimage"},"image":{"@id":"https:\/\/www.nooteboom.com\/fr\/marinka-nooteboom-nouvelle-femme-daffaires-de-lannee-202\/#primaryimage"},"thumbnailUrl":"https:\/\/www.nooteboom.com\/wp-content\/uploads\/Marinka-Nooteboom-ontvangt-Zakenvrouw-van-het-Jaar-2022-Award.jpg","datePublished":"2021-10-11T14:04:40+00:00","dateModified":"2021-10-14T13:08:54+00:00","description":"WIJCHEN - Marinka Nooteboom, directrice g\u00e9n\u00e9rale du Royal Nooteboom Group, a \u00e9t\u00e9 nomm\u00e9e Femme d'Affaires de l'Ann\u00e9e 2022 par le jury du Prix Veuve Clicquot qui r\u00e9compense les femmes aux parcours remarquables. Le prix a \u00e9t\u00e9 remis lundi 11 octobre 2021, en pr\u00e9sence de la ministre sortante Barbara Visser (Infrastructure et Gestion de l'eau) dans le Hallen d'Amsterdam. | Nooteboom Trailers","breadcrumb":{"@id":"https:\/\/www.nooteboom.com\/fr\/marinka-nooteboom-nouvelle-femme-daffaires-de-lannee-202\/#breadcrumb"},"inLanguage":"fr-FR","potentialAction":[{"@type":"ReadAction","target":["https:\/\/www.nooteboom.com\/fr\/marinka-nooteboom-nouvelle-femme-daffaires-de-lannee-202\/"]}]},{"@type":"ImageObject","inLanguage":"fr-FR","@id":"https:\/\/www.nooteboom.com\/fr\/marinka-nooteboom-nouvelle-femme-daffaires-de-lannee-202\/#primaryimage","url":"https:\/\/www.nooteboom.com\/wp-content\/uploads\/Marinka-Nooteboom-ontvangt-Zakenvrouw-van-het-Jaar-2022-Award.jpg","contentUrl":"https:\/\/www.nooteboom.com\/wp-content\/uploads\/Marinka-Nooteboom-ontvangt-Zakenvrouw-van-het-Jaar-2022-Award.jpg","width":1600,"height":1097,"caption":"Marinka Nooteboom ontvangt Zakenvrouw van het Jaar 2022 Award"},{"@type":"BreadcrumbList","@id":"https:\/\/www.nooteboom.com\/fr\/marinka-nooteboom-nouvelle-femme-daffaires-de-lannee-202\/#breadcrumb","itemListElement":[{"@type":"ListItem","position":1,"name":"Home","item":"https:\/\/www.nooteboom.com\/fr\/"},{"@type":"ListItem","position":2,"name":"Marinka Nooteboom nouvelle femme d&rsquo;affaires de l&rsquo;ann\u00e9e 202"}]},{"@type":"WebSite","@id":"https:\/\/www.nooteboom.com\/fr\/#website","url":"https:\/\/www.nooteboom.com\/fr\/","name":"Nooteboom Trailers","description":"Gets you there.","publisher":{"@id":"https:\/\/www.nooteboom.com\/fr\/#organization"},"potentialAction":[{"@type":"SearchAction","target":{"@type":"EntryPoint","urlTemplate":"https:\/\/www.nooteboom.com\/fr\/?s={search_term_string}"},"query-input":{"@type":"PropertyValueSpecification","valueRequired":true,"valueName":"search_term_string"}}],"inLanguage":"fr-FR"},{"@type":"Organization","@id":"https:\/\/www.nooteboom.com\/fr\/#organization","name":"Nooteboom Trailers","url":"https:\/\/www.nooteboom.com\/fr\/","logo":{"@type":"ImageObject","inLanguage":"fr-FR","@id":"https:\/\/www.nooteboom.com\/fr\/#\/schema\/logo\/image\/","url":"https:\/\/www.nooteboom.com\/wp-content\/uploads\/logo.png","contentUrl":"https:\/\/www.nooteboom.com\/wp-content\/uploads\/logo.png","width":111,"height":66,"caption":"Nooteboom Trailers"},"image":{"@id":"https:\/\/www.nooteboom.com\/fr\/#\/schema\/logo\/image\/"},"sameAs":["https:\/\/nl-nl.facebook.com\/nooteboomtrailers\/","https:\/\/nl.linkedin.com\/company\/nooteboom-trailers","https:\/\/www.youtube.com\/user\/Nooteboomtrailers"]},{"@type":"Person","@id":"https:\/\/www.nooteboom.com\/fr\/#\/schema\/person\/375b5d0caf72eccb8a568826d6390b66","name":"Xander Kamphuis","image":{"@type":"ImageObject","inLanguage":"fr-FR","@id":"https:\/\/www.nooteboom.com\/fr\/#\/schema\/person\/image\/","url":"https:\/\/secure.gravatar.com\/avatar\/a65af99837c9e097867d15cf2c32d9c4?s=96&d=mm&r=g","contentUrl":"https:\/\/secure.gravatar.com\/avatar\/a65af99837c9e097867d15cf2c32d9c4?s=96&d=mm&r=g","caption":"Xander Kamphuis"}}]}},"_links":{"self":[{"href":"https:\/\/www.nooteboom.com\/fr\/wp-json\/wp\/v2\/posts\/1875772","targetHints":{"allow":["GET"]}}],"collection":[{"href":"https:\/\/www.nooteboom.com\/fr\/wp-json\/wp\/v2\/posts"}],"about":[{"href":"https:\/\/www.nooteboom.com\/fr\/wp-json\/wp\/v2\/types\/post"}],"author":[{"embeddable":true,"href":"https:\/\/www.nooteboom.com\/fr\/wp-json\/wp\/v2\/users\/45"}],"replies":[{"embeddable":true,"href":"https:\/\/www.nooteboom.com\/fr\/wp-json\/wp\/v2\/comments?post=1875772"}],"version-history":[{"count":5,"href":"https:\/\/www.nooteboom.com\/fr\/wp-json\/wp\/v2\/posts\/1875772\/revisions"}],"predecessor-version":[{"id":1875839,"href":"https:\/\/www.nooteboom.com\/fr\/wp-json\/wp\/v2\/posts\/1875772\/revisions\/1875839"}],"wp:featuredmedia":[{"embeddable":true,"href":"https:\/\/www.nooteboom.com\/fr\/wp-json\/wp\/v2\/media\/1875782"}],"wp:attachment":[{"href":"https:\/\/www.nooteboom.com\/fr\/wp-json\/wp\/v2\/media?parent=1875772"}],"wp:term":[{"taxonomy":"category","embeddable":true,"href":"https:\/\/www.nooteboom.com\/fr\/wp-json\/wp\/v2\/categories?post=1875772"},{"taxonomy":"post_tag","embeddable":true,"href":"https:\/\/www.nooteboom.com\/fr\/wp-json\/wp\/v2\/tags?post=1875772"}],"curies":[{"name":"wp","href":"https:\/\/api.w.org\/{rel}","templated":true}]}}