{"id":1871047,"date":"2021-02-24T15:24:59","date_gmt":"2021-02-24T14:24:59","guid":{"rendered":"https:\/\/www.nooteboom.com\/?p=1871047"},"modified":"2021-02-24T15:25:44","modified_gmt":"2021-02-24T14:25:44","slug":"duarig-receptionne-sa-nouvelle-semi-remorque-a-essieux-pendulaires","status":"publish","type":"post","link":"https:\/\/www.nooteboom.com\/fr\/duarig-receptionne-sa-nouvelle-semi-remorque-a-essieux-pendulaires\/","title":{"rendered":"Duarig r\u00e9ceptionne sa nouvelle semi-remorque \u00e0 essieux pendulaires"},"content":{"rendered":"<div class=\"wpb-content-wrapper\"><p>[vc_row][vc_column width=\u00a0\u00bb1\/2&Prime;][vc_column_text]Les Transports Duarig \u00e0 Jarcieu (38) viennent de compl\u00e9ter leur parc avec une nouvelle semi-remorque 3 essieux Nooteboom \u00e0 essieux pendulaires. Chacun des trois essieux peut \u00eatre relevable ind\u00e9pendamment. Les roues ont \u00e9t\u00e9 choisies en 19.5 pouces pour une usure moindre des pneumatiques et une r\u00e9serve de charge \u00e9lev\u00e9e.<br \/>\nLe plateau est extensible \u00e0 plus de 14m de long avec une hauteur de 440mm. Il a \u00e9t\u00e9 con\u00e7u sur-mesure pour avoir les poutres d\u2019extension de 480mm de large, chacune permettant de rouler dessus avec engin \u00e0 chenille ou \u00e0 pneus. Il peut charger des conteneurs 20 ou 40 pieds. Il est \u00e9quip\u00e9 de nombreux anneaux d\u2019arrimage et d\u2019un col-de-cygne \u00e0 accroche centrale permettant d\u2019avoir des rampes de chargement avant int\u00e9gr\u00e9es de 1,5m de haut et d\u00e9pla\u00e7ables lat\u00e9ralement.[\/vc_column_text][\/vc_column][vc_column width=\u00a0\u00bb1\/2&Prime;][vc_single_image image=\u00a0\u00bb1871048&Prime; img_size=\u00a0\u00bblarge\u00a0\u00bb alignment=\u00a0\u00bbright\u00a0\u00bb onclick=\u00a0\u00bblink_image\u00a0\u00bb css_animation=\u00a0\u00bbfadeInLeft\u00a0\u00bb][\/vc_column][\/vc_row]<\/p>\n<\/div>","protected":false},"excerpt":{"rendered":"Les Transports Duarig \u00e0 Jarcieu (38) viennent de compl\u00e9ter leur parc avec une nouvelle semi-remorque 3 essieux Nooteboom \u00e0 essieux pendulaires. Chacun des trois essieux peut \u00eatre relevable ind\u00e9pendamment. Les roues ont \u00e9t\u00e9 choisies en 19.5 pouces pour une usure moindre des pneumatiques et une r\u00e9serve de charge \u00e9lev\u00e9e. ","protected":false},"author":45,"featured_media":1871048,"comment_status":"closed","ping_status":"closed","sticky":false,"template":"","format":"standard","meta":{"_acf_changed":false,"inline_featured_image":false,"footnotes":""},"categories":[69],"tags":[],"class_list":["post-1871047","post","type-post","status-publish","format-standard","has-post-thumbnail","hentry","category-non-classifiee"],"acf":[],"yoast_head":"<!-- This site is optimized with the Yoast SEO Premium plugin v25.7.1 (Yoast SEO v25.7) - https:\/\/yoast.com\/wordpress\/plugins\/seo\/ -->\n<title>Duarig r\u00e9ceptionne sa nouvelle semi-remorque \u00e0 essieux pendulaires | Nooteboom Trailers<\/title>\n<meta name=\"description\" content=\"Les Transports Duarig \u00e0 Jarcieu (38) viennent de compl\u00e9ter leur parc avec une nouvelle semi-remorque 3 essieux Nooteboom \u00e0 essieux pendulaires. Chacun des trois essieux peut \u00eatre relevable ind\u00e9pendamment. Les roues ont \u00e9t\u00e9 choisies en 19.5 pouces pour une usure moindre des pneumatiques et une r\u00e9serve de charge \u00e9lev\u00e9e.\" \/>\n<meta name=\"robots\" content=\"index, follow, max-snippet:-1, max-image-preview:large, max-video-preview:-1\" \/>\n<link rel=\"canonical\" href=\"https:\/\/www.nooteboom.com\/fr\/duarig-receptionne-sa-nouvelle-semi-remorque-a-essieux-pendulaires\/\" \/>\n<meta property=\"og:locale\" content=\"fr_FR\" \/>\n<meta property=\"og:type\" content=\"article\" \/>\n<meta property=\"og:title\" content=\"Duarig r\u00e9ceptionne sa nouvelle semi-remorque \u00e0 essieux pendulaires\" \/>\n<meta property=\"og:description\" content=\"Les Transports Duarig \u00e0 Jarcieu (38) viennent de compl\u00e9ter leur parc avec une nouvelle semi-remorque 3 essieux Nooteboom \u00e0 essieux pendulaires. Chacun des trois essieux peut \u00eatre relevable ind\u00e9pendamment. Les roues ont \u00e9t\u00e9 choisies en 19.5 pouces pour une usure moindre des pneumatiques et une r\u00e9serve de charge \u00e9lev\u00e9e.\" \/>\n<meta property=\"og:url\" content=\"https:\/\/www.nooteboom.com\/fr\/duarig-receptionne-sa-nouvelle-semi-remorque-a-essieux-pendulaires\/\" \/>\n<meta property=\"og:site_name\" content=\"Nooteboom Trailers\" \/>\n<meta property=\"article:publisher\" content=\"https:\/\/nl-nl.facebook.com\/nooteboomtrailers\/\" \/>\n<meta property=\"article:published_time\" content=\"2021-02-24T14:24:59+00:00\" \/>\n<meta property=\"article:modified_time\" content=\"2021-02-24T14:25:44+00:00\" \/>\n<meta property=\"og:image\" content=\"https:\/\/www.nooteboom.com\/wp-content\/uploads\/DSC_0760-1024x576.jpg\" \/>\n\t<meta property=\"og:image:width\" content=\"1024\" \/>\n\t<meta property=\"og:image:height\" content=\"576\" \/>\n\t<meta property=\"og:image:type\" content=\"image\/jpeg\" \/>\n<meta name=\"author\" content=\"Xander Kamphuis\" \/>\n<meta name=\"twitter:card\" content=\"summary_large_image\" \/>\n<meta name=\"twitter:label1\" content=\"\u00c9crit par\" \/>\n\t<meta name=\"twitter:data1\" content=\"Xander Kamphuis\" \/>\n\t<meta name=\"twitter:label2\" content=\"Dur\u00e9e de lecture estim\u00e9e\" \/>\n\t<meta name=\"twitter:data2\" content=\"1 minute\" \/>\n<script type=\"application\/ld+json\" class=\"yoast-schema-graph\">{\"@context\":\"https:\/\/schema.org\",\"@graph\":[{\"@type\":\"Article\",\"@id\":\"https:\/\/www.nooteboom.com\/fr\/duarig-receptionne-sa-nouvelle-semi-remorque-a-essieux-pendulaires\/#article\",\"isPartOf\":{\"@id\":\"https:\/\/www.nooteboom.com\/fr\/duarig-receptionne-sa-nouvelle-semi-remorque-a-essieux-pendulaires\/\"},\"author\":{\"name\":\"Xander Kamphuis\",\"@id\":\"https:\/\/www.nooteboom.com\/fr\/#\/schema\/person\/375b5d0caf72eccb8a568826d6390b66\"},\"headline\":\"Duarig r\u00e9ceptionne sa nouvelle semi-remorque \u00e0 essieux pendulaires\",\"datePublished\":\"2021-02-24T14:24:59+00:00\",\"dateModified\":\"2021-02-24T14:25:44+00:00\",\"mainEntityOfPage\":{\"@id\":\"https:\/\/www.nooteboom.com\/fr\/duarig-receptionne-sa-nouvelle-semi-remorque-a-essieux-pendulaires\/\"},\"wordCount\":173,\"publisher\":{\"@id\":\"https:\/\/www.nooteboom.com\/fr\/#organization\"},\"image\":{\"@id\":\"https:\/\/www.nooteboom.com\/fr\/duarig-receptionne-sa-nouvelle-semi-remorque-a-essieux-pendulaires\/#primaryimage\"},\"thumbnailUrl\":\"https:\/\/www.nooteboom.com\/wp-content\/uploads\/DSC_0760-scaled.jpg\",\"articleSection\":[\"Non classifi\u00e9(e)\"],\"inLanguage\":\"fr-FR\"},{\"@type\":\"WebPage\",\"@id\":\"https:\/\/www.nooteboom.com\/fr\/duarig-receptionne-sa-nouvelle-semi-remorque-a-essieux-pendulaires\/\",\"url\":\"https:\/\/www.nooteboom.com\/fr\/duarig-receptionne-sa-nouvelle-semi-remorque-a-essieux-pendulaires\/\",\"name\":\"Duarig r\u00e9ceptionne sa nouvelle semi-remorque \u00e0 essieux pendulaires | Nooteboom Trailers\",\"isPartOf\":{\"@id\":\"https:\/\/www.nooteboom.com\/fr\/#website\"},\"primaryImageOfPage\":{\"@id\":\"https:\/\/www.nooteboom.com\/fr\/duarig-receptionne-sa-nouvelle-semi-remorque-a-essieux-pendulaires\/#primaryimage\"},\"image\":{\"@id\":\"https:\/\/www.nooteboom.com\/fr\/duarig-receptionne-sa-nouvelle-semi-remorque-a-essieux-pendulaires\/#primaryimage\"},\"thumbnailUrl\":\"https:\/\/www.nooteboom.com\/wp-content\/uploads\/DSC_0760-scaled.jpg\",\"datePublished\":\"2021-02-24T14:24:59+00:00\",\"dateModified\":\"2021-02-24T14:25:44+00:00\",\"description\":\"Les Transports Duarig \u00e0 Jarcieu (38) viennent de compl\u00e9ter leur parc avec une nouvelle semi-remorque 3 essieux Nooteboom \u00e0 essieux pendulaires. Chacun des trois essieux peut \u00eatre relevable ind\u00e9pendamment. Les roues ont \u00e9t\u00e9 choisies en 19.5 pouces pour une usure moindre des pneumatiques et une r\u00e9serve de charge \u00e9lev\u00e9e.\",\"breadcrumb\":{\"@id\":\"https:\/\/www.nooteboom.com\/fr\/duarig-receptionne-sa-nouvelle-semi-remorque-a-essieux-pendulaires\/#breadcrumb\"},\"inLanguage\":\"fr-FR\",\"potentialAction\":[{\"@type\":\"ReadAction\",\"target\":[\"https:\/\/www.nooteboom.com\/fr\/duarig-receptionne-sa-nouvelle-semi-remorque-a-essieux-pendulaires\/\"]}]},{\"@type\":\"ImageObject\",\"inLanguage\":\"fr-FR\",\"@id\":\"https:\/\/www.nooteboom.com\/fr\/duarig-receptionne-sa-nouvelle-semi-remorque-a-essieux-pendulaires\/#primaryimage\",\"url\":\"https:\/\/www.nooteboom.com\/wp-content\/uploads\/DSC_0760-scaled.jpg\",\"contentUrl\":\"https:\/\/www.nooteboom.com\/wp-content\/uploads\/DSC_0760-scaled.jpg\",\"width\":2048,\"height\":1152,\"caption\":\"Transports Duarig \u00e0 Jarcieu\"},{\"@type\":\"BreadcrumbList\",\"@id\":\"https:\/\/www.nooteboom.com\/fr\/duarig-receptionne-sa-nouvelle-semi-remorque-a-essieux-pendulaires\/#breadcrumb\",\"itemListElement\":[{\"@type\":\"ListItem\",\"position\":1,\"name\":\"Home\",\"item\":\"https:\/\/www.nooteboom.com\/fr\/\"},{\"@type\":\"ListItem\",\"position\":2,\"name\":\"Duarig r\u00e9ceptionne sa nouvelle semi-remorque \u00e0 essieux pendulaires\"}]},{\"@type\":\"WebSite\",\"@id\":\"https:\/\/www.nooteboom.com\/fr\/#website\",\"url\":\"https:\/\/www.nooteboom.com\/fr\/\",\"name\":\"Nooteboom Trailers\",\"description\":\"Gets you there.\",\"publisher\":{\"@id\":\"https:\/\/www.nooteboom.com\/fr\/#organization\"},\"potentialAction\":[{\"@type\":\"SearchAction\",\"target\":{\"@type\":\"EntryPoint\",\"urlTemplate\":\"https:\/\/www.nooteboom.com\/fr\/?s={search_term_string}\"},\"query-input\":{\"@type\":\"PropertyValueSpecification\",\"valueRequired\":true,\"valueName\":\"search_term_string\"}}],\"inLanguage\":\"fr-FR\"},{\"@type\":\"Organization\",\"@id\":\"https:\/\/www.nooteboom.com\/fr\/#organization\",\"name\":\"Nooteboom Trailers\",\"url\":\"https:\/\/www.nooteboom.com\/fr\/\",\"logo\":{\"@type\":\"ImageObject\",\"inLanguage\":\"fr-FR\",\"@id\":\"https:\/\/www.nooteboom.com\/fr\/#\/schema\/logo\/image\/\",\"url\":\"https:\/\/www.nooteboom.com\/wp-content\/uploads\/logo.png\",\"contentUrl\":\"https:\/\/www.nooteboom.com\/wp-content\/uploads\/logo.png\",\"width\":111,\"height\":66,\"caption\":\"Nooteboom Trailers\"},\"image\":{\"@id\":\"https:\/\/www.nooteboom.com\/fr\/#\/schema\/logo\/image\/\"},\"sameAs\":[\"https:\/\/nl-nl.facebook.com\/nooteboomtrailers\/\",\"https:\/\/nl.linkedin.com\/company\/nooteboom-trailers\",\"https:\/\/www.youtube.com\/user\/Nooteboomtrailers\"]},{\"@type\":\"Person\",\"@id\":\"https:\/\/www.nooteboom.com\/fr\/#\/schema\/person\/375b5d0caf72eccb8a568826d6390b66\",\"name\":\"Xander Kamphuis\",\"image\":{\"@type\":\"ImageObject\",\"inLanguage\":\"fr-FR\",\"@id\":\"https:\/\/www.nooteboom.com\/fr\/#\/schema\/person\/image\/\",\"url\":\"https:\/\/secure.gravatar.com\/avatar\/a65af99837c9e097867d15cf2c32d9c4?s=96&d=mm&r=g\",\"contentUrl\":\"https:\/\/secure.gravatar.com\/avatar\/a65af99837c9e097867d15cf2c32d9c4?s=96&d=mm&r=g\",\"caption\":\"Xander Kamphuis\"}}]}<\/script>\n<!-- \/ Yoast SEO Premium plugin. -->","yoast_head_json":{"title":"Duarig r\u00e9ceptionne sa nouvelle semi-remorque \u00e0 essieux pendulaires | Nooteboom Trailers","description":"Les Transports Duarig \u00e0 Jarcieu (38) viennent de compl\u00e9ter leur parc avec une nouvelle semi-remorque 3 essieux Nooteboom \u00e0 essieux pendulaires. Chacun des trois essieux peut \u00eatre relevable ind\u00e9pendamment. Les roues ont \u00e9t\u00e9 choisies en 19.5 pouces pour une usure moindre des pneumatiques et une r\u00e9serve de charge \u00e9lev\u00e9e.","robots":{"index":"index","follow":"follow","max-snippet":"max-snippet:-1","max-image-preview":"max-image-preview:large","max-video-preview":"max-video-preview:-1"},"canonical":"https:\/\/www.nooteboom.com\/fr\/duarig-receptionne-sa-nouvelle-semi-remorque-a-essieux-pendulaires\/","og_locale":"fr_FR","og_type":"article","og_title":"Duarig r\u00e9ceptionne sa nouvelle semi-remorque \u00e0 essieux pendulaires","og_description":"Les Transports Duarig \u00e0 Jarcieu (38) viennent de compl\u00e9ter leur parc avec une nouvelle semi-remorque 3 essieux Nooteboom \u00e0 essieux pendulaires. Chacun des trois essieux peut \u00eatre relevable ind\u00e9pendamment. Les roues ont \u00e9t\u00e9 choisies en 19.5 pouces pour une usure moindre des pneumatiques et une r\u00e9serve de charge \u00e9lev\u00e9e.","og_url":"https:\/\/www.nooteboom.com\/fr\/duarig-receptionne-sa-nouvelle-semi-remorque-a-essieux-pendulaires\/","og_site_name":"Nooteboom Trailers","article_publisher":"https:\/\/nl-nl.facebook.com\/nooteboomtrailers\/","article_published_time":"2021-02-24T14:24:59+00:00","article_modified_time":"2021-02-24T14:25:44+00:00","og_image":[{"width":1024,"height":576,"url":"https:\/\/www.nooteboom.com\/wp-content\/uploads\/DSC_0760-1024x576.jpg","type":"image\/jpeg"}],"author":"Xander Kamphuis","twitter_card":"summary_large_image","twitter_misc":{"\u00c9crit par":"Xander Kamphuis","Dur\u00e9e de lecture estim\u00e9e":"1 minute"},"schema":{"@context":"https:\/\/schema.org","@graph":[{"@type":"Article","@id":"https:\/\/www.nooteboom.com\/fr\/duarig-receptionne-sa-nouvelle-semi-remorque-a-essieux-pendulaires\/#article","isPartOf":{"@id":"https:\/\/www.nooteboom.com\/fr\/duarig-receptionne-sa-nouvelle-semi-remorque-a-essieux-pendulaires\/"},"author":{"name":"Xander Kamphuis","@id":"https:\/\/www.nooteboom.com\/fr\/#\/schema\/person\/375b5d0caf72eccb8a568826d6390b66"},"headline":"Duarig r\u00e9ceptionne sa nouvelle semi-remorque \u00e0 essieux pendulaires","datePublished":"2021-02-24T14:24:59+00:00","dateModified":"2021-02-24T14:25:44+00:00","mainEntityOfPage":{"@id":"https:\/\/www.nooteboom.com\/fr\/duarig-receptionne-sa-nouvelle-semi-remorque-a-essieux-pendulaires\/"},"wordCount":173,"publisher":{"@id":"https:\/\/www.nooteboom.com\/fr\/#organization"},"image":{"@id":"https:\/\/www.nooteboom.com\/fr\/duarig-receptionne-sa-nouvelle-semi-remorque-a-essieux-pendulaires\/#primaryimage"},"thumbnailUrl":"https:\/\/www.nooteboom.com\/wp-content\/uploads\/DSC_0760-scaled.jpg","articleSection":["Non classifi\u00e9(e)"],"inLanguage":"fr-FR"},{"@type":"WebPage","@id":"https:\/\/www.nooteboom.com\/fr\/duarig-receptionne-sa-nouvelle-semi-remorque-a-essieux-pendulaires\/","url":"https:\/\/www.nooteboom.com\/fr\/duarig-receptionne-sa-nouvelle-semi-remorque-a-essieux-pendulaires\/","name":"Duarig r\u00e9ceptionne sa nouvelle semi-remorque \u00e0 essieux pendulaires | Nooteboom Trailers","isPartOf":{"@id":"https:\/\/www.nooteboom.com\/fr\/#website"},"primaryImageOfPage":{"@id":"https:\/\/www.nooteboom.com\/fr\/duarig-receptionne-sa-nouvelle-semi-remorque-a-essieux-pendulaires\/#primaryimage"},"image":{"@id":"https:\/\/www.nooteboom.com\/fr\/duarig-receptionne-sa-nouvelle-semi-remorque-a-essieux-pendulaires\/#primaryimage"},"thumbnailUrl":"https:\/\/www.nooteboom.com\/wp-content\/uploads\/DSC_0760-scaled.jpg","datePublished":"2021-02-24T14:24:59+00:00","dateModified":"2021-02-24T14:25:44+00:00","description":"Les Transports Duarig \u00e0 Jarcieu (38) viennent de compl\u00e9ter leur parc avec une nouvelle semi-remorque 3 essieux Nooteboom \u00e0 essieux pendulaires. Chacun des trois essieux peut \u00eatre relevable ind\u00e9pendamment. Les roues ont \u00e9t\u00e9 choisies en 19.5 pouces pour une usure moindre des pneumatiques et une r\u00e9serve de charge \u00e9lev\u00e9e.","breadcrumb":{"@id":"https:\/\/www.nooteboom.com\/fr\/duarig-receptionne-sa-nouvelle-semi-remorque-a-essieux-pendulaires\/#breadcrumb"},"inLanguage":"fr-FR","potentialAction":[{"@type":"ReadAction","target":["https:\/\/www.nooteboom.com\/fr\/duarig-receptionne-sa-nouvelle-semi-remorque-a-essieux-pendulaires\/"]}]},{"@type":"ImageObject","inLanguage":"fr-FR","@id":"https:\/\/www.nooteboom.com\/fr\/duarig-receptionne-sa-nouvelle-semi-remorque-a-essieux-pendulaires\/#primaryimage","url":"https:\/\/www.nooteboom.com\/wp-content\/uploads\/DSC_0760-scaled.jpg","contentUrl":"https:\/\/www.nooteboom.com\/wp-content\/uploads\/DSC_0760-scaled.jpg","width":2048,"height":1152,"caption":"Transports Duarig \u00e0 Jarcieu"},{"@type":"BreadcrumbList","@id":"https:\/\/www.nooteboom.com\/fr\/duarig-receptionne-sa-nouvelle-semi-remorque-a-essieux-pendulaires\/#breadcrumb","itemListElement":[{"@type":"ListItem","position":1,"name":"Home","item":"https:\/\/www.nooteboom.com\/fr\/"},{"@type":"ListItem","position":2,"name":"Duarig r\u00e9ceptionne sa nouvelle semi-remorque \u00e0 essieux pendulaires"}]},{"@type":"WebSite","@id":"https:\/\/www.nooteboom.com\/fr\/#website","url":"https:\/\/www.nooteboom.com\/fr\/","name":"Nooteboom Trailers","description":"Gets you there.","publisher":{"@id":"https:\/\/www.nooteboom.com\/fr\/#organization"},"potentialAction":[{"@type":"SearchAction","target":{"@type":"EntryPoint","urlTemplate":"https:\/\/www.nooteboom.com\/fr\/?s={search_term_string}"},"query-input":{"@type":"PropertyValueSpecification","valueRequired":true,"valueName":"search_term_string"}}],"inLanguage":"fr-FR"},{"@type":"Organization","@id":"https:\/\/www.nooteboom.com\/fr\/#organization","name":"Nooteboom Trailers","url":"https:\/\/www.nooteboom.com\/fr\/","logo":{"@type":"ImageObject","inLanguage":"fr-FR","@id":"https:\/\/www.nooteboom.com\/fr\/#\/schema\/logo\/image\/","url":"https:\/\/www.nooteboom.com\/wp-content\/uploads\/logo.png","contentUrl":"https:\/\/www.nooteboom.com\/wp-content\/uploads\/logo.png","width":111,"height":66,"caption":"Nooteboom Trailers"},"image":{"@id":"https:\/\/www.nooteboom.com\/fr\/#\/schema\/logo\/image\/"},"sameAs":["https:\/\/nl-nl.facebook.com\/nooteboomtrailers\/","https:\/\/nl.linkedin.com\/company\/nooteboom-trailers","https:\/\/www.youtube.com\/user\/Nooteboomtrailers"]},{"@type":"Person","@id":"https:\/\/www.nooteboom.com\/fr\/#\/schema\/person\/375b5d0caf72eccb8a568826d6390b66","name":"Xander Kamphuis","image":{"@type":"ImageObject","inLanguage":"fr-FR","@id":"https:\/\/www.nooteboom.com\/fr\/#\/schema\/person\/image\/","url":"https:\/\/secure.gravatar.com\/avatar\/a65af99837c9e097867d15cf2c32d9c4?s=96&d=mm&r=g","contentUrl":"https:\/\/secure.gravatar.com\/avatar\/a65af99837c9e097867d15cf2c32d9c4?s=96&d=mm&r=g","caption":"Xander Kamphuis"}}]}},"_links":{"self":[{"href":"https:\/\/www.nooteboom.com\/fr\/wp-json\/wp\/v2\/posts\/1871047","targetHints":{"allow":["GET"]}}],"collection":[{"href":"https:\/\/www.nooteboom.com\/fr\/wp-json\/wp\/v2\/posts"}],"about":[{"href":"https:\/\/www.nooteboom.com\/fr\/wp-json\/wp\/v2\/types\/post"}],"author":[{"embeddable":true,"href":"https:\/\/www.nooteboom.com\/fr\/wp-json\/wp\/v2\/users\/45"}],"replies":[{"embeddable":true,"href":"https:\/\/www.nooteboom.com\/fr\/wp-json\/wp\/v2\/comments?post=1871047"}],"version-history":[{"count":1,"href":"https:\/\/www.nooteboom.com\/fr\/wp-json\/wp\/v2\/posts\/1871047\/revisions"}],"predecessor-version":[{"id":1871054,"href":"https:\/\/www.nooteboom.com\/fr\/wp-json\/wp\/v2\/posts\/1871047\/revisions\/1871054"}],"wp:featuredmedia":[{"embeddable":true,"href":"https:\/\/www.nooteboom.com\/fr\/wp-json\/wp\/v2\/media\/1871048"}],"wp:attachment":[{"href":"https:\/\/www.nooteboom.com\/fr\/wp-json\/wp\/v2\/media?parent=1871047"}],"wp:term":[{"taxonomy":"category","embeddable":true,"href":"https:\/\/www.nooteboom.com\/fr\/wp-json\/wp\/v2\/categories?post=1871047"},{"taxonomy":"post_tag","embeddable":true,"href":"https:\/\/www.nooteboom.com\/fr\/wp-json\/wp\/v2\/tags?post=1871047"}],"curies":[{"name":"wp","href":"https:\/\/api.w.org\/{rel}","templated":true}]}}