{"id":2033173,"date":"2023-11-06T13:34:22","date_gmt":"2023-11-06T12:34:22","guid":{"rendered":"https:\/\/www.nooteboom.com\/el-salon-solutrans-abre-sus-puertas-del-21-al-25-de-noviembre-de-2023\/"},"modified":"2023-11-07T15:36:54","modified_gmt":"2023-11-07T14:36:54","slug":"el-salon-solutrans-abre-sus-puertas-del-21-al-25-de-noviembre-de-2023","status":"publish","type":"post","link":"https:\/\/www.nooteboom.com\/es\/el-salon-solutrans-abre-sus-puertas-del-21-al-25-de-noviembre-de-2023\/","title":{"rendered":"El sal\u00f3n Solutrans abre sus puertas del 21 al 25 de noviembre de 2023."},"content":{"rendered":"<div class=\"wpb-content-wrapper\"><p>[vc_row][vc_column][vc_column_text]<\/p>\n<h3>Esta feria de veh\u00edculos de transporte que se lleva a cabo en Lyon es un evento, en particular, importante para Nooteboom ya que significa una oportunidad para reunirse con sus socios comerciales y destacar sus novedades.<\/h3>\n<p>[\/vc_column_text][\/vc_column][\/vc_row][vc_row][vc_column width=\u00bb1\/2&#8243;][vc_column_text]<\/p>\n<p class=\"p1\">Este a\u00f1o, Nooteboom est\u00e1 presentando en SOLUTRANS un remolque de tres ejes extra bajo de tipo EURO-67-03(P), ideal para el transporte de cargas largas y altas. Est\u00e1 equipado con un cuello de cisne hidr\u00e1ulico desmontable con vigas exteriores, lo que permite alcanzar la longitud m\u00e1xima de carga. La cama tiene compartimentos extra bajos y suelos de madera desmontables, que permite pasar por debajo de los puentes incluso con cargas altas. La plataforma es extensible y tiene piezas de extensi\u00f3n adicionales, lo que proporciona una longitud de carga libre de 20 metros en la parte inferior.<\/p>\n<p>[\/vc_column_text][vc_single_image image=\u00bb2033182&#8243; img_size=\u00bblarge\u00bb alignment=\u00bbcenter\u00bb][\/vc_column][vc_column width=\u00bb1\/2&#8243;][vc_single_image image=\u00bb2033156&#8243; img_size=\u00bblarge\u00bb alignment=\u00bbright\u00bb onclick=\u00bblink_image\u00bb][\/vc_column][\/vc_row][vc_row][vc_column][vc_column_text]<\/p>\n<p style=\"font-weight: 400;\">Los 3 ejes pendulares ofrecen una capacidad de carga de 14 toneladas por eje a una velocidad de 80 km\/h. Su anchura y profundidad permite el transporte de excavadoras hidr\u00e1ulicas grandes. El recorrido de la suspensi\u00f3n grande hace m\u00e1s f\u00e1cil el sorteo de los obst\u00e1culos, as\u00ed como la carga y la descarga. Adem\u00e1s, gracias a la alta capacidad de giro, incluso se puede llegar a los sitios de trabajo m\u00e1s desafiantes.<\/p>\n<p style=\"font-weight: 400;\">Nooteboom aprovechar\u00e1 la oportunidad que ofrece SOLUTRANS para reunir a sus clientes y socios y presentar a su nuevo equipo franc\u00e9s. Nuestro equipo de ventas se ha ampliado y, recientemente, contratamos a un segundo t\u00e9cnico que nos ayudar\u00e1 a servir a nuestros clientes de manera m\u00e1s eficaz y r\u00e1pida, en toda Francia. Esto nos permitir\u00e1 satisfacer mejor las necesidades de nuestros clientes.<\/p>\n<p style=\"font-weight: 400;\">Esperamos verles en nuestro stand 5C044.<\/p>\n<p>[\/vc_column_text][\/vc_column][\/vc_row][vc_row][vc_column width=\u00bb1\/2&#8243;][\/vc_column][vc_column width=\u00bb1\/2&#8243;][vc_single_image image=\u00bb2033162&#8243; img_size=\u00bbmedium\u00bb][\/vc_column][\/vc_row]<\/p>\n<\/div>","protected":false},"excerpt":{"rendered":"Esta feria de veh\u00edculos de transporte que se lleva a cabo en Lyon es un evento, en particular, importante para Nooteboom ya que significa una oportunidad para reunirse con sus socios comerciales y destacar sus novedades. Este a\u00f1o, Nooteboom est\u00e1 presentando en SOLUTRANS un remolque de tres ejes extra bajo de tipo EURO-67-03(P), ideal para el transporte de cargas largas y altas.","protected":false},"author":45,"featured_media":2033161,"comment_status":"closed","ping_status":"closed","sticky":false,"template":"","format":"standard","meta":{"_acf_changed":false,"inline_featured_image":false,"footnotes":""},"categories":[183],"tags":[],"class_list":["post-2033173","post","type-post","status-publish","format-standard","has-post-thumbnail","hentry","category-noticias-nooteboom"],"acf":[],"yoast_head":"<!-- This site is optimized with the Yoast SEO Premium plugin v25.7.1 (Yoast SEO v25.7) - https:\/\/yoast.com\/wordpress\/plugins\/seo\/ -->\n<title>El sal\u00f3n Solutrans abre sus puertas del 21 al 25 de noviembre de 2023. | Nooteboom Trailers<\/title>\n<meta name=\"description\" content=\"Esta feria de veh\u00edculos de transporte que se lleva a cabo en Lyon es un evento, en particular, importante para Nooteboom ya que significa una oportunidad para reunirse con sus socios comerciales y destacar sus novedades. Este a\u00f1o, Nooteboom est\u00e1 presentando en SOLUTRANS un remolque de tres ejes extra bajo de tipo EURO-67-03(P), ideal para el transporte de cargas largas y altas. | Nooteboom Trailers\" \/>\n<meta name=\"robots\" content=\"index, follow, max-snippet:-1, max-image-preview:large, max-video-preview:-1\" \/>\n<link rel=\"canonical\" href=\"https:\/\/www.nooteboom.com\/es\/el-salon-solutrans-abre-sus-puertas-del-21-al-25-de-noviembre-de-2023\/\" \/>\n<meta property=\"og:locale\" content=\"es_ES\" \/>\n<meta property=\"og:type\" content=\"article\" \/>\n<meta property=\"og:title\" content=\"El sal\u00f3n Solutrans abre sus puertas del 21 al 25 de noviembre de 2023.\" \/>\n<meta property=\"og:description\" content=\"Esta feria de veh\u00edculos de transporte que se lleva a cabo en Lyon es un evento, en particular, importante para Nooteboom ya que significa una oportunidad para reunirse con sus socios comerciales y destacar sus novedades. Este a\u00f1o, Nooteboom est\u00e1 presentando en SOLUTRANS un remolque de tres ejes extra bajo de tipo EURO-67-03(P), ideal para el transporte de cargas largas y altas. | Nooteboom Trailers\" \/>\n<meta property=\"og:url\" content=\"https:\/\/www.nooteboom.com\/es\/el-salon-solutrans-abre-sus-puertas-del-21-al-25-de-noviembre-de-2023\/\" \/>\n<meta property=\"og:site_name\" content=\"Nooteboom Trailers\" \/>\n<meta property=\"article:publisher\" content=\"https:\/\/nl-nl.facebook.com\/nooteboomtrailers\/\" \/>\n<meta property=\"article:published_time\" content=\"2023-11-06T12:34:22+00:00\" \/>\n<meta property=\"article:modified_time\" content=\"2023-11-07T14:36:54+00:00\" \/>\n<meta property=\"og:image\" content=\"https:\/\/www.nooteboom.com\/wp-content\/uploads\/Solutrans-4.jpg\" \/>\n\t<meta property=\"og:image:width\" content=\"1600\" \/>\n\t<meta property=\"og:image:height\" content=\"1200\" \/>\n\t<meta property=\"og:image:type\" content=\"image\/jpeg\" \/>\n<meta name=\"author\" content=\"Xander Kamphuis\" \/>\n<meta name=\"twitter:card\" content=\"summary_large_image\" \/>\n<meta name=\"twitter:label1\" content=\"Escrito por\" \/>\n\t<meta name=\"twitter:data1\" content=\"Xander Kamphuis\" \/>\n\t<meta name=\"twitter:label2\" content=\"Tiempo de lectura\" \/>\n\t<meta name=\"twitter:data2\" content=\"2 minutos\" \/>\n<script type=\"application\/ld+json\" class=\"yoast-schema-graph\">{\"@context\":\"https:\/\/schema.org\",\"@graph\":[{\"@type\":\"Article\",\"@id\":\"https:\/\/www.nooteboom.com\/es\/el-salon-solutrans-abre-sus-puertas-del-21-al-25-de-noviembre-de-2023\/#article\",\"isPartOf\":{\"@id\":\"https:\/\/www.nooteboom.com\/es\/el-salon-solutrans-abre-sus-puertas-del-21-al-25-de-noviembre-de-2023\/\"},\"author\":{\"name\":\"Xander Kamphuis\",\"@id\":\"https:\/\/www.nooteboom.com\/es\/#\/schema\/person\/375b5d0caf72eccb8a568826d6390b66\"},\"headline\":\"El sal\u00f3n Solutrans abre sus puertas del 21 al 25 de noviembre de 2023.\",\"datePublished\":\"2023-11-06T12:34:22+00:00\",\"dateModified\":\"2023-11-07T14:36:54+00:00\",\"mainEntityOfPage\":{\"@id\":\"https:\/\/www.nooteboom.com\/es\/el-salon-solutrans-abre-sus-puertas-del-21-al-25-de-noviembre-de-2023\/\"},\"wordCount\":387,\"publisher\":{\"@id\":\"https:\/\/www.nooteboom.com\/es\/#organization\"},\"image\":{\"@id\":\"https:\/\/www.nooteboom.com\/es\/el-salon-solutrans-abre-sus-puertas-del-21-al-25-de-noviembre-de-2023\/#primaryimage\"},\"thumbnailUrl\":\"https:\/\/www.nooteboom.com\/wp-content\/uploads\/Solutrans-4.jpg\",\"articleSection\":[\"Noticias Nooteboom\"],\"inLanguage\":\"es\"},{\"@type\":\"WebPage\",\"@id\":\"https:\/\/www.nooteboom.com\/es\/el-salon-solutrans-abre-sus-puertas-del-21-al-25-de-noviembre-de-2023\/\",\"url\":\"https:\/\/www.nooteboom.com\/es\/el-salon-solutrans-abre-sus-puertas-del-21-al-25-de-noviembre-de-2023\/\",\"name\":\"El sal\u00f3n Solutrans abre sus puertas del 21 al 25 de noviembre de 2023. | Nooteboom Trailers\",\"isPartOf\":{\"@id\":\"https:\/\/www.nooteboom.com\/es\/#website\"},\"primaryImageOfPage\":{\"@id\":\"https:\/\/www.nooteboom.com\/es\/el-salon-solutrans-abre-sus-puertas-del-21-al-25-de-noviembre-de-2023\/#primaryimage\"},\"image\":{\"@id\":\"https:\/\/www.nooteboom.com\/es\/el-salon-solutrans-abre-sus-puertas-del-21-al-25-de-noviembre-de-2023\/#primaryimage\"},\"thumbnailUrl\":\"https:\/\/www.nooteboom.com\/wp-content\/uploads\/Solutrans-4.jpg\",\"datePublished\":\"2023-11-06T12:34:22+00:00\",\"dateModified\":\"2023-11-07T14:36:54+00:00\",\"description\":\"Esta feria de veh\u00edculos de transporte que se lleva a cabo en Lyon es un evento, en particular, importante para Nooteboom ya que significa una oportunidad para reunirse con sus socios comerciales y destacar sus novedades. Este a\u00f1o, Nooteboom est\u00e1 presentando en SOLUTRANS un remolque de tres ejes extra bajo de tipo EURO-67-03(P), ideal para el transporte de cargas largas y altas. | Nooteboom Trailers\",\"breadcrumb\":{\"@id\":\"https:\/\/www.nooteboom.com\/es\/el-salon-solutrans-abre-sus-puertas-del-21-al-25-de-noviembre-de-2023\/#breadcrumb\"},\"inLanguage\":\"es\",\"potentialAction\":[{\"@type\":\"ReadAction\",\"target\":[\"https:\/\/www.nooteboom.com\/es\/el-salon-solutrans-abre-sus-puertas-del-21-al-25-de-noviembre-de-2023\/\"]}]},{\"@type\":\"ImageObject\",\"inLanguage\":\"es\",\"@id\":\"https:\/\/www.nooteboom.com\/es\/el-salon-solutrans-abre-sus-puertas-del-21-al-25-de-noviembre-de-2023\/#primaryimage\",\"url\":\"https:\/\/www.nooteboom.com\/wp-content\/uploads\/Solutrans-4.jpg\",\"contentUrl\":\"https:\/\/www.nooteboom.com\/wp-content\/uploads\/Solutrans-4.jpg\",\"width\":1600,\"height\":1200,\"caption\":\"Stand Nooteboom Solutrans\"},{\"@type\":\"BreadcrumbList\",\"@id\":\"https:\/\/www.nooteboom.com\/es\/el-salon-solutrans-abre-sus-puertas-del-21-al-25-de-noviembre-de-2023\/#breadcrumb\",\"itemListElement\":[{\"@type\":\"ListItem\",\"position\":1,\"name\":\"Home\",\"item\":\"https:\/\/www.nooteboom.com\/es\/\"},{\"@type\":\"ListItem\",\"position\":2,\"name\":\"El sal\u00f3n Solutrans abre sus puertas del 21 al 25 de noviembre de 2023.\"}]},{\"@type\":\"WebSite\",\"@id\":\"https:\/\/www.nooteboom.com\/es\/#website\",\"url\":\"https:\/\/www.nooteboom.com\/es\/\",\"name\":\"Nooteboom Trailers\",\"description\":\"Gets you there.\",\"publisher\":{\"@id\":\"https:\/\/www.nooteboom.com\/es\/#organization\"},\"potentialAction\":[{\"@type\":\"SearchAction\",\"target\":{\"@type\":\"EntryPoint\",\"urlTemplate\":\"https:\/\/www.nooteboom.com\/es\/?s={search_term_string}\"},\"query-input\":{\"@type\":\"PropertyValueSpecification\",\"valueRequired\":true,\"valueName\":\"search_term_string\"}}],\"inLanguage\":\"es\"},{\"@type\":\"Organization\",\"@id\":\"https:\/\/www.nooteboom.com\/es\/#organization\",\"name\":\"Nooteboom Trailers\",\"url\":\"https:\/\/www.nooteboom.com\/es\/\",\"logo\":{\"@type\":\"ImageObject\",\"inLanguage\":\"es\",\"@id\":\"https:\/\/www.nooteboom.com\/es\/#\/schema\/logo\/image\/\",\"url\":\"https:\/\/www.nooteboom.com\/wp-content\/uploads\/logo.png\",\"contentUrl\":\"https:\/\/www.nooteboom.com\/wp-content\/uploads\/logo.png\",\"width\":111,\"height\":66,\"caption\":\"Nooteboom Trailers\"},\"image\":{\"@id\":\"https:\/\/www.nooteboom.com\/es\/#\/schema\/logo\/image\/\"},\"sameAs\":[\"https:\/\/nl-nl.facebook.com\/nooteboomtrailers\/\",\"https:\/\/nl.linkedin.com\/company\/nooteboom-trailers\",\"https:\/\/www.youtube.com\/user\/Nooteboomtrailers\"]},{\"@type\":\"Person\",\"@id\":\"https:\/\/www.nooteboom.com\/es\/#\/schema\/person\/375b5d0caf72eccb8a568826d6390b66\",\"name\":\"Xander Kamphuis\",\"image\":{\"@type\":\"ImageObject\",\"inLanguage\":\"es\",\"@id\":\"https:\/\/www.nooteboom.com\/es\/#\/schema\/person\/image\/\",\"url\":\"https:\/\/secure.gravatar.com\/avatar\/a65af99837c9e097867d15cf2c32d9c4?s=96&d=mm&r=g\",\"contentUrl\":\"https:\/\/secure.gravatar.com\/avatar\/a65af99837c9e097867d15cf2c32d9c4?s=96&d=mm&r=g\",\"caption\":\"Xander Kamphuis\"}}]}<\/script>\n<!-- \/ Yoast SEO Premium plugin. -->","yoast_head_json":{"title":"El sal\u00f3n Solutrans abre sus puertas del 21 al 25 de noviembre de 2023. | Nooteboom Trailers","description":"Esta feria de veh\u00edculos de transporte que se lleva a cabo en Lyon es un evento, en particular, importante para Nooteboom ya que significa una oportunidad para reunirse con sus socios comerciales y destacar sus novedades. Este a\u00f1o, Nooteboom est\u00e1 presentando en SOLUTRANS un remolque de tres ejes extra bajo de tipo EURO-67-03(P), ideal para el transporte de cargas largas y altas. | Nooteboom Trailers","robots":{"index":"index","follow":"follow","max-snippet":"max-snippet:-1","max-image-preview":"max-image-preview:large","max-video-preview":"max-video-preview:-1"},"canonical":"https:\/\/www.nooteboom.com\/es\/el-salon-solutrans-abre-sus-puertas-del-21-al-25-de-noviembre-de-2023\/","og_locale":"es_ES","og_type":"article","og_title":"El sal\u00f3n Solutrans abre sus puertas del 21 al 25 de noviembre de 2023.","og_description":"Esta feria de veh\u00edculos de transporte que se lleva a cabo en Lyon es un evento, en particular, importante para Nooteboom ya que significa una oportunidad para reunirse con sus socios comerciales y destacar sus novedades. Este a\u00f1o, Nooteboom est\u00e1 presentando en SOLUTRANS un remolque de tres ejes extra bajo de tipo EURO-67-03(P), ideal para el transporte de cargas largas y altas. | Nooteboom Trailers","og_url":"https:\/\/www.nooteboom.com\/es\/el-salon-solutrans-abre-sus-puertas-del-21-al-25-de-noviembre-de-2023\/","og_site_name":"Nooteboom Trailers","article_publisher":"https:\/\/nl-nl.facebook.com\/nooteboomtrailers\/","article_published_time":"2023-11-06T12:34:22+00:00","article_modified_time":"2023-11-07T14:36:54+00:00","og_image":[{"width":1600,"height":1200,"url":"https:\/\/www.nooteboom.com\/wp-content\/uploads\/Solutrans-4.jpg","type":"image\/jpeg"}],"author":"Xander Kamphuis","twitter_card":"summary_large_image","twitter_misc":{"Escrito por":"Xander Kamphuis","Tiempo de lectura":"2 minutos"},"schema":{"@context":"https:\/\/schema.org","@graph":[{"@type":"Article","@id":"https:\/\/www.nooteboom.com\/es\/el-salon-solutrans-abre-sus-puertas-del-21-al-25-de-noviembre-de-2023\/#article","isPartOf":{"@id":"https:\/\/www.nooteboom.com\/es\/el-salon-solutrans-abre-sus-puertas-del-21-al-25-de-noviembre-de-2023\/"},"author":{"name":"Xander Kamphuis","@id":"https:\/\/www.nooteboom.com\/es\/#\/schema\/person\/375b5d0caf72eccb8a568826d6390b66"},"headline":"El sal\u00f3n Solutrans abre sus puertas del 21 al 25 de noviembre de 2023.","datePublished":"2023-11-06T12:34:22+00:00","dateModified":"2023-11-07T14:36:54+00:00","mainEntityOfPage":{"@id":"https:\/\/www.nooteboom.com\/es\/el-salon-solutrans-abre-sus-puertas-del-21-al-25-de-noviembre-de-2023\/"},"wordCount":387,"publisher":{"@id":"https:\/\/www.nooteboom.com\/es\/#organization"},"image":{"@id":"https:\/\/www.nooteboom.com\/es\/el-salon-solutrans-abre-sus-puertas-del-21-al-25-de-noviembre-de-2023\/#primaryimage"},"thumbnailUrl":"https:\/\/www.nooteboom.com\/wp-content\/uploads\/Solutrans-4.jpg","articleSection":["Noticias Nooteboom"],"inLanguage":"es"},{"@type":"WebPage","@id":"https:\/\/www.nooteboom.com\/es\/el-salon-solutrans-abre-sus-puertas-del-21-al-25-de-noviembre-de-2023\/","url":"https:\/\/www.nooteboom.com\/es\/el-salon-solutrans-abre-sus-puertas-del-21-al-25-de-noviembre-de-2023\/","name":"El sal\u00f3n Solutrans abre sus puertas del 21 al 25 de noviembre de 2023. | Nooteboom Trailers","isPartOf":{"@id":"https:\/\/www.nooteboom.com\/es\/#website"},"primaryImageOfPage":{"@id":"https:\/\/www.nooteboom.com\/es\/el-salon-solutrans-abre-sus-puertas-del-21-al-25-de-noviembre-de-2023\/#primaryimage"},"image":{"@id":"https:\/\/www.nooteboom.com\/es\/el-salon-solutrans-abre-sus-puertas-del-21-al-25-de-noviembre-de-2023\/#primaryimage"},"thumbnailUrl":"https:\/\/www.nooteboom.com\/wp-content\/uploads\/Solutrans-4.jpg","datePublished":"2023-11-06T12:34:22+00:00","dateModified":"2023-11-07T14:36:54+00:00","description":"Esta feria de veh\u00edculos de transporte que se lleva a cabo en Lyon es un evento, en particular, importante para Nooteboom ya que significa una oportunidad para reunirse con sus socios comerciales y destacar sus novedades. Este a\u00f1o, Nooteboom est\u00e1 presentando en SOLUTRANS un remolque de tres ejes extra bajo de tipo EURO-67-03(P), ideal para el transporte de cargas largas y altas. | Nooteboom Trailers","breadcrumb":{"@id":"https:\/\/www.nooteboom.com\/es\/el-salon-solutrans-abre-sus-puertas-del-21-al-25-de-noviembre-de-2023\/#breadcrumb"},"inLanguage":"es","potentialAction":[{"@type":"ReadAction","target":["https:\/\/www.nooteboom.com\/es\/el-salon-solutrans-abre-sus-puertas-del-21-al-25-de-noviembre-de-2023\/"]}]},{"@type":"ImageObject","inLanguage":"es","@id":"https:\/\/www.nooteboom.com\/es\/el-salon-solutrans-abre-sus-puertas-del-21-al-25-de-noviembre-de-2023\/#primaryimage","url":"https:\/\/www.nooteboom.com\/wp-content\/uploads\/Solutrans-4.jpg","contentUrl":"https:\/\/www.nooteboom.com\/wp-content\/uploads\/Solutrans-4.jpg","width":1600,"height":1200,"caption":"Stand Nooteboom Solutrans"},{"@type":"BreadcrumbList","@id":"https:\/\/www.nooteboom.com\/es\/el-salon-solutrans-abre-sus-puertas-del-21-al-25-de-noviembre-de-2023\/#breadcrumb","itemListElement":[{"@type":"ListItem","position":1,"name":"Home","item":"https:\/\/www.nooteboom.com\/es\/"},{"@type":"ListItem","position":2,"name":"El sal\u00f3n Solutrans abre sus puertas del 21 al 25 de noviembre de 2023."}]},{"@type":"WebSite","@id":"https:\/\/www.nooteboom.com\/es\/#website","url":"https:\/\/www.nooteboom.com\/es\/","name":"Nooteboom Trailers","description":"Gets you there.","publisher":{"@id":"https:\/\/www.nooteboom.com\/es\/#organization"},"potentialAction":[{"@type":"SearchAction","target":{"@type":"EntryPoint","urlTemplate":"https:\/\/www.nooteboom.com\/es\/?s={search_term_string}"},"query-input":{"@type":"PropertyValueSpecification","valueRequired":true,"valueName":"search_term_string"}}],"inLanguage":"es"},{"@type":"Organization","@id":"https:\/\/www.nooteboom.com\/es\/#organization","name":"Nooteboom Trailers","url":"https:\/\/www.nooteboom.com\/es\/","logo":{"@type":"ImageObject","inLanguage":"es","@id":"https:\/\/www.nooteboom.com\/es\/#\/schema\/logo\/image\/","url":"https:\/\/www.nooteboom.com\/wp-content\/uploads\/logo.png","contentUrl":"https:\/\/www.nooteboom.com\/wp-content\/uploads\/logo.png","width":111,"height":66,"caption":"Nooteboom Trailers"},"image":{"@id":"https:\/\/www.nooteboom.com\/es\/#\/schema\/logo\/image\/"},"sameAs":["https:\/\/nl-nl.facebook.com\/nooteboomtrailers\/","https:\/\/nl.linkedin.com\/company\/nooteboom-trailers","https:\/\/www.youtube.com\/user\/Nooteboomtrailers"]},{"@type":"Person","@id":"https:\/\/www.nooteboom.com\/es\/#\/schema\/person\/375b5d0caf72eccb8a568826d6390b66","name":"Xander Kamphuis","image":{"@type":"ImageObject","inLanguage":"es","@id":"https:\/\/www.nooteboom.com\/es\/#\/schema\/person\/image\/","url":"https:\/\/secure.gravatar.com\/avatar\/a65af99837c9e097867d15cf2c32d9c4?s=96&d=mm&r=g","contentUrl":"https:\/\/secure.gravatar.com\/avatar\/a65af99837c9e097867d15cf2c32d9c4?s=96&d=mm&r=g","caption":"Xander Kamphuis"}}]}},"_links":{"self":[{"href":"https:\/\/www.nooteboom.com\/es\/wp-json\/wp\/v2\/posts\/2033173","targetHints":{"allow":["GET"]}}],"collection":[{"href":"https:\/\/www.nooteboom.com\/es\/wp-json\/wp\/v2\/posts"}],"about":[{"href":"https:\/\/www.nooteboom.com\/es\/wp-json\/wp\/v2\/types\/post"}],"author":[{"embeddable":true,"href":"https:\/\/www.nooteboom.com\/es\/wp-json\/wp\/v2\/users\/45"}],"replies":[{"embeddable":true,"href":"https:\/\/www.nooteboom.com\/es\/wp-json\/wp\/v2\/comments?post=2033173"}],"version-history":[{"count":5,"href":"https:\/\/www.nooteboom.com\/es\/wp-json\/wp\/v2\/posts\/2033173\/revisions"}],"predecessor-version":[{"id":2033191,"href":"https:\/\/www.nooteboom.com\/es\/wp-json\/wp\/v2\/posts\/2033173\/revisions\/2033191"}],"wp:featuredmedia":[{"embeddable":true,"href":"https:\/\/www.nooteboom.com\/es\/wp-json\/wp\/v2\/media\/2033161"}],"wp:attachment":[{"href":"https:\/\/www.nooteboom.com\/es\/wp-json\/wp\/v2\/media?parent=2033173"}],"wp:term":[{"taxonomy":"category","embeddable":true,"href":"https:\/\/www.nooteboom.com\/es\/wp-json\/wp\/v2\/categories?post=2033173"},{"taxonomy":"post_tag","embeddable":true,"href":"https:\/\/www.nooteboom.com\/es\/wp-json\/wp\/v2\/tags?post=2033173"}],"curies":[{"name":"wp","href":"https:\/\/api.w.org\/{rel}","templated":true}]}}