{"id":1868055,"date":"2020-11-16T10:40:58","date_gmt":"2020-11-16T09:40:58","guid":{"rendered":"https:\/\/www.nooteboom.com\/actualizacion-del-programa-de-gondolas-de-cama-baja-para-el-transporte-de-maquinaria\/"},"modified":"2020-11-16T10:43:12","modified_gmt":"2020-11-16T09:43:12","slug":"actualizacion-del-programa-de-gondolas-de-cama-baja-para-el-transporte-de-maquinaria","status":"publish","type":"post","link":"https:\/\/www.nooteboom.com\/es\/actualizacion-del-programa-de-gondolas-de-cama-baja-para-el-transporte-de-maquinaria\/","title":{"rendered":"Actualizaci\u00f3n del programa de g\u00f3ndolas de cama baja para el transporte de maquinar\u00eda"},"content":{"rendered":"<div class=\"wpb-content-wrapper\"><p>[vc_row row_class=\u00bb\u00bb][vc_column][vc_row_inner][vc_column_inner]\t<div id=\"banner-69f2af7ccc4b0\" class=\"vc_banner banner\">\n\n\t\t<ul class=\"slides\">\n\t\t\t                \t\t\t\t<style>\n\t\t\t\t\t#slide-7373 {\n\t\t\t\t\t\tbackground-image: url('https:\/\/www.nooteboom.com\/wp-content\/uploads\/DSCF2764-1-800x400.jpg');\n\t\t\t\t\t}\n\t\t\t\t\t@media (min-width: 768px) {\n\t\t\t\t\t\t#slide-7373 {\n\t\t\t\t\t\t\tbackground-image: url('https:\/\/www.nooteboom.com\/wp-content\/uploads\/DSCF2764-1-1024x580.jpg');\n\t\t\t\t\t\t}\n\t\t\t\t\t}\n\t\t\t\t\t@media (min-width: 1200px) {\n\t\t\t\t\t\t#slide-7373 {\n\t\t\t\t\t\t\tbackground-image: url('https:\/\/www.nooteboom.com\/wp-content\/uploads\/DSCF2764-1-1920x960.jpg');\n\t\t\t\t\t\t}\n\t\t\t\t\t}\n\t\t\t\t\t@media (min-width: 1920px) {\n\t\t\t\t\t\t#slide-7373 {\n\t\t\t\t\t\t\tbackground-image: url('https:\/\/www.nooteboom.com\/wp-content\/uploads\/DSCF2764-1-scaled.jpg');\n\t\t\t\t\t\t}\n\t\t\t\t\t}\n\t\t\t\t<\/style>\n\t\t\t\t<li id=\"slide-7373\" class=\"banner__slide\">\n\n\t\t\t\t\t\t\t\t\t\t\t<p>ACTUALIZACI\u00d3N DEL PROGRAMA DE G\u00d3NDOLAS DE CAMA BAJA<br \/>\n<SPAN>PARA EL TRANSPORTE DE MAQUINAR\u00cdA<\/SPAN><\/p>\n\t\t\t\t\t\n\t\t\t\t\t<div class=\"banner__ovelay\"><\/div>\n\n\t\t\t\t<\/li>\n\t\t\t\t\t\t\t\t\t<\/ul>\n\n\t<\/div>\n\n\t<script type=\"text\/javascript\">\n\t\tjQuery( document ).ready( function( $ ) {\n\n\t\t\t$( '#banner-69f2af7ccc4b0' ).flexslider( {\n\t\t\t\tanimation: 'fade',\n\t\t\t\tdirectionNav: false,\n\t\t\t\tcontrolNav: true\n\t\t\t} );\n\n\t\t} );\n\t<\/script>\n\n\t<div class=\"banner__pager\">\n\t\t<span class=\"active\"><\/span><span><\/span><span><\/span>\n\t<\/div>\n\n[\/vc_column_inner][\/vc_row_inner][\/vc_column][\/vc_row][vc_row][vc_column]<div class=\"vc_intro\">\n\n\t<p>La gama SMART de g\u00f3ndolas de cama baja ha experimentado una notable actualizaci\u00f3n. La \u00faltima incorporaci\u00f3n es la g\u00f3ndola de cama baja SMART OSDS de 3 ejes ligera con rampa hidr\u00e1ulica al cuello de cisne, cama extensible y ejes de seguimiento de direcci\u00f3n. La vers\u00e1til y multifuncional g\u00f3ndola de cama baja la convierte en la soluci\u00f3n ideal para el transporte de maquinar\u00eda de construcci\u00f3n, m\u00e1quinas para construir carreteras y plataformas elevadoras de hasta 36 tons.<\/p>\n<p>El suelo de carga combinado con la rampa del cuello de cisne m\u00f3vil, puede extenderse de 3.730 mm a 12.730 mm detr\u00e1s del cuello de cisne. El cuello de cisne, rampa del cuello y el suelo de carga est\u00e1n disponibles, opcionalmente, con madera, rejilla de acero o una combinaci\u00f3n de estas.\u00a0<\/p>\n\n<\/div>[vc_empty_space][\/vc_column][\/vc_row][vc_row][vc_column width=\u00bb1\/2&#8243;][vc_single_image image=\u00bb1863492&#8243; img_size=\u00bblarge\u00bb onclick=\u00bblink_image\u00bb][vc_empty_space][\/vc_column][vc_column width=\u00bb1\/2&#8243;][vc_single_image image=\u00bb1863498&#8243; img_size=\u00bblarge\u00bb alignment=\u00bbright\u00bb onclick=\u00bblink_image\u00bb][vc_empty_space][\/vc_column][\/vc_row][vc_row][vc_column][vc_column_text]<\/p>\n<h2><strong>Cargue f\u00e1cilmente las m\u00e1quinas en el cuello de cisne<\/strong><\/h2>\n<p>La rampa hidr\u00e1ulica del cuello de cisne tiene un \u00e1ngulo de inclinaci\u00f3n perfecto en combinaci\u00f3n con el cuello de cisne especialmente adaptado. Por ejemplo, las plataformas elevadoras m\u00e1s peque\u00f1as y las m\u00e1quinas para la construcci\u00f3n pueden subirse f\u00e1cil y seguras por el cuello de cisne y su longitud completa puede usarse \u00f3ptimamente para el transporte de cargas.<\/p>\n<p>El suelo de carga combinado con la rampa del cuello de cisne m\u00f3vil, puede extenderse de 3.730 mm a 12.730 mm detr\u00e1s del cuello de cisne. El cuello de cisne, rampa del cuello y el suelo de carga est\u00e1n disponibles, opcionalmente, con madera, rejilla de acero o una combinaci\u00f3n de estas.[\/vc_column_text][vc_empty_space][\/vc_column][\/vc_row][vc_row][vc_column width=\u00bb1\/2&#8243;][vc_single_image image=\u00bb1863349&#8243; img_size=\u00bblarge\u00bb onclick=\u00bblink_image\u00bb][vc_empty_space][\/vc_column][vc_column width=\u00bb1\/2&#8243;][vc_single_image image=\u00bb1863355&#8243; img_size=\u00bblarge\u00bb alignment=\u00bbright\u00bb onclick=\u00bblink_image\u00bb][vc_empty_space][\/vc_column][\/vc_row][vc_row][vc_column][vc_column_text]<\/p>\n<h2>Pendiente muy baja en las rampas<\/h2>\n<p>Las rampas accionadas hidr\u00e1ulicamente est\u00e1n disponibles en varias longitudes y dise\u00f1os, incluida una variante de rampa especial con un punto afilado en la rampa y agarre especial en las partes del chasis. Esta rampa de 5000 mm combinado con el chafl\u00e1n largo de la cama , ofrece un \u00e1ngulo de inclinaci\u00f3n muy bajo de apenas 9 grados. Esto hace una situaci\u00f3n ideal para cargar m\u00e1quinas con una distancia al suelo muy peque\u00f1a como las plataformas de tijera. \u00danico es el ajuste hidr\u00e1ulico del ancho de las rampas, mediante el cual las rampas pueden juntarse. Esto es especialmente importante para una carga y descarga ,m\u00e1s r\u00e1pida y segura, de m\u00e1quinas peque\u00f1as y estrechas. Para la carga de m\u00e1quinas muy anchas las rampas pueden sacarse hasta 2\u00a0 x 250 mm fuera del ancho standard de la cama. Usando el cabestrante el\u00e9ctrico de alta \u00a0resistencia, controlado por un mando , en el cuello del cisna pueden cargarse hasta plataformas elevadoras rotas, por ejemplo.[\/vc_column_text][vc_empty_space][\/vc_column][\/vc_row][vc_row][vc_column width=\u00bb1\/4&#8243;][vc_single_image image=\u00bb1863313&#8243; img_size=\u00bblarge\u00bb onclick=\u00bblink_image\u00bb][\/vc_column][vc_column width=\u00bb1\/4&#8243;][vc_single_image image=\u00bb1863319&#8243; img_size=\u00bblarge\u00bb alignment=\u00bbcenter\u00bb onclick=\u00bblink_image\u00bb][\/vc_column][vc_column width=\u00bb2\/4&#8243;][vc_single_image image=\u00bb1863325&#8243; img_size=\u00bblarge\u00bb alignment=\u00bbright\u00bb onclick=\u00bblink_image\u00bb][\/vc_column][\/vc_row][vc_row][vc_column width=\u00bb1\/2&#8243;][vc_column_text]<\/p>\n<h2>Ventajas OSDS-48-03V(EB)<\/h2>\n<ul>\n<li>Multifuncional para maquinar\u00eda de construcci\u00f3n, m\u00e1quinas para construir carreteras y plataformas elevadoras.<\/li>\n<li>Rampa hidr\u00e1ulica al cuello de cisne para una carga f\u00e1cil y segura en el cuello de cisne.<\/li>\n<li>Uso completo \u00f3ptimo de su longitud total.<\/li>\n<li>Poco peso, alta capacidad de carga de 36 tons.<\/li>\n<li>Precio de compra muy favorable, bajos costes operativos y alto valor residual.<\/li>\n<li>Cama extensible hasta 12,73 metros detr\u00e1s del cuello de cisne<\/li>\n<li>Numerosas disposiciones de uni\u00f3n entre los bordes de los perfiles contra la viga central<\/li>\n<li>Suelo provisto con un revestimiento antideslizante opcionalmente<\/li>\n<li>Conservaci\u00f3n \u00fanica, en la cual el chasis est\u00e1 completamente galvanizado con un revestimiento met\u00e1lico<\/li>\n<li>Entrega de stock<\/li>\n<\/ul>\n<p>[\/vc_column_text][\/vc_column][vc_column width=\u00bb1\/2&#8243;][vc_btn title=\u00bbContacto\u00bb shape=\u00bbsquare\u00bb color=\u00bbgreen\u00bb size=\u00bblg\u00bb i_align=\u00bbright\u00bb i_icon_fontawesome=\u00bbfar fa-address-card\u00bb css_animation=\u00bbfadeInLeft\u00bb add_icon=\u00bbtrue\u00bb link=\u00bburl:https%3A%2F%2Fwww.nooteboom.com%2Fes%2Fcontacto%2Fcontactos%2F%3Fteam_department%3DTrailer%2BSales%26team_country%3DSpain|title:Contacto|target:%20_blank|\u00bb][vc_share title=\u00bbComparte este mensaje\u00bb][\/vc_column][\/vc_row]<\/p>\n<\/div>","protected":false},"excerpt":{"rendered":"La gama SMART de g\u00f3ndolas de cama baja ha experimentado una notable actualizaci\u00f3n. La \u00faltima incorporaci\u00f3n es la g\u00f3ndola de cama baja SMART OSDS de 3 ejes ligera con rampa hidr\u00e1ulica al cuello de cisne, cama extensible y ejes de seguimiento de direcci\u00f3n. ","protected":false},"author":45,"featured_media":1863302,"comment_status":"closed","ping_status":"closed","sticky":false,"template":"","format":"standard","meta":{"_acf_changed":false,"inline_featured_image":false,"footnotes":""},"categories":[183],"tags":[],"class_list":["post-1868055","post","type-post","status-publish","format-standard","has-post-thumbnail","hentry","category-noticias-nooteboom"],"acf":[],"yoast_head":"<!-- This site is optimized with the Yoast SEO Premium plugin v25.7.1 (Yoast SEO v25.7) - https:\/\/yoast.com\/wordpress\/plugins\/seo\/ -->\n<title>Actualizaci\u00f3n del programa de g\u00f3ndolas de cama baja para el transporte de maquinar\u00eda | Nooteboom Trailers<\/title>\n<meta name=\"description\" content=\"La gama SMART de g\u00f3ndolas de cama baja ha experimentado una notable actualizaci\u00f3n. La \u00faltima incorporaci\u00f3n es la g\u00f3ndola de cama baja SMART OSDS de 3 ejes ligera con rampa hidr\u00e1ulica al cuello de cisne, cama extensible y ejes de seguimiento de direcci\u00f3n.\" \/>\n<meta name=\"robots\" content=\"index, follow, max-snippet:-1, max-image-preview:large, max-video-preview:-1\" \/>\n<link rel=\"canonical\" href=\"https:\/\/www.nooteboom.com\/es\/actualizacion-del-programa-de-gondolas-de-cama-baja-para-el-transporte-de-maquinaria\/\" \/>\n<meta property=\"og:locale\" content=\"es_ES\" \/>\n<meta property=\"og:type\" content=\"article\" \/>\n<meta property=\"og:title\" content=\"Actualizaci\u00f3n del programa de g\u00f3ndolas de cama baja para el transporte de maquinar\u00eda\" \/>\n<meta property=\"og:description\" content=\"La gama SMART de g\u00f3ndolas de cama baja ha experimentado una notable actualizaci\u00f3n. La \u00faltima incorporaci\u00f3n es la g\u00f3ndola de cama baja SMART OSDS de 3 ejes ligera con rampa hidr\u00e1ulica al cuello de cisne, cama extensible y ejes de seguimiento de direcci\u00f3n.\" \/>\n<meta property=\"og:url\" content=\"https:\/\/www.nooteboom.com\/es\/actualizacion-del-programa-de-gondolas-de-cama-baja-para-el-transporte-de-maquinaria\/\" \/>\n<meta property=\"og:site_name\" content=\"Nooteboom Trailers\" \/>\n<meta property=\"article:publisher\" content=\"https:\/\/nl-nl.facebook.com\/nooteboomtrailers\/\" \/>\n<meta property=\"article:published_time\" content=\"2020-11-16T09:40:58+00:00\" \/>\n<meta property=\"article:modified_time\" content=\"2020-11-16T09:43:12+00:00\" \/>\n<meta property=\"og:image\" content=\"https:\/\/www.nooteboom.com\/wp-content\/uploads\/DSCF2764.jpg\" \/>\n\t<meta property=\"og:image:width\" content=\"2048\" \/>\n\t<meta property=\"og:image:height\" content=\"1365\" \/>\n\t<meta property=\"og:image:type\" content=\"image\/jpeg\" \/>\n<meta name=\"author\" content=\"Xander Kamphuis\" \/>\n<meta name=\"twitter:card\" content=\"summary_large_image\" \/>\n<meta name=\"twitter:label1\" content=\"Escrito por\" \/>\n\t<meta name=\"twitter:data1\" content=\"Xander Kamphuis\" \/>\n\t<meta name=\"twitter:label2\" content=\"Tiempo de lectura\" \/>\n\t<meta name=\"twitter:data2\" content=\"4 minutos\" \/>\n<script type=\"application\/ld+json\" class=\"yoast-schema-graph\">{\"@context\":\"https:\/\/schema.org\",\"@graph\":[{\"@type\":\"Article\",\"@id\":\"https:\/\/www.nooteboom.com\/es\/actualizacion-del-programa-de-gondolas-de-cama-baja-para-el-transporte-de-maquinaria\/#article\",\"isPartOf\":{\"@id\":\"https:\/\/www.nooteboom.com\/es\/actualizacion-del-programa-de-gondolas-de-cama-baja-para-el-transporte-de-maquinaria\/\"},\"author\":{\"name\":\"Xander Kamphuis\",\"@id\":\"https:\/\/www.nooteboom.com\/es\/#\/schema\/person\/375b5d0caf72eccb8a568826d6390b66\"},\"headline\":\"Actualizaci\u00f3n del programa de g\u00f3ndolas de cama baja para el transporte de maquinar\u00eda\",\"datePublished\":\"2020-11-16T09:40:58+00:00\",\"dateModified\":\"2020-11-16T09:43:12+00:00\",\"mainEntityOfPage\":{\"@id\":\"https:\/\/www.nooteboom.com\/es\/actualizacion-del-programa-de-gondolas-de-cama-baja-para-el-transporte-de-maquinaria\/\"},\"wordCount\":892,\"publisher\":{\"@id\":\"https:\/\/www.nooteboom.com\/es\/#organization\"},\"image\":{\"@id\":\"https:\/\/www.nooteboom.com\/es\/actualizacion-del-programa-de-gondolas-de-cama-baja-para-el-transporte-de-maquinaria\/#primaryimage\"},\"thumbnailUrl\":\"https:\/\/www.nooteboom.com\/wp-content\/uploads\/DSCF2764.jpg\",\"articleSection\":[\"Noticias Nooteboom\"],\"inLanguage\":\"es\"},{\"@type\":\"WebPage\",\"@id\":\"https:\/\/www.nooteboom.com\/es\/actualizacion-del-programa-de-gondolas-de-cama-baja-para-el-transporte-de-maquinaria\/\",\"url\":\"https:\/\/www.nooteboom.com\/es\/actualizacion-del-programa-de-gondolas-de-cama-baja-para-el-transporte-de-maquinaria\/\",\"name\":\"Actualizaci\u00f3n del programa de g\u00f3ndolas de cama baja para el transporte de maquinar\u00eda | Nooteboom Trailers\",\"isPartOf\":{\"@id\":\"https:\/\/www.nooteboom.com\/es\/#website\"},\"primaryImageOfPage\":{\"@id\":\"https:\/\/www.nooteboom.com\/es\/actualizacion-del-programa-de-gondolas-de-cama-baja-para-el-transporte-de-maquinaria\/#primaryimage\"},\"image\":{\"@id\":\"https:\/\/www.nooteboom.com\/es\/actualizacion-del-programa-de-gondolas-de-cama-baja-para-el-transporte-de-maquinaria\/#primaryimage\"},\"thumbnailUrl\":\"https:\/\/www.nooteboom.com\/wp-content\/uploads\/DSCF2764.jpg\",\"datePublished\":\"2020-11-16T09:40:58+00:00\",\"dateModified\":\"2020-11-16T09:43:12+00:00\",\"description\":\"La gama SMART de g\u00f3ndolas de cama baja ha experimentado una notable actualizaci\u00f3n. La \u00faltima incorporaci\u00f3n es la g\u00f3ndola de cama baja SMART OSDS de 3 ejes ligera con rampa hidr\u00e1ulica al cuello de cisne, cama extensible y ejes de seguimiento de direcci\u00f3n.\",\"breadcrumb\":{\"@id\":\"https:\/\/www.nooteboom.com\/es\/actualizacion-del-programa-de-gondolas-de-cama-baja-para-el-transporte-de-maquinaria\/#breadcrumb\"},\"inLanguage\":\"es\",\"potentialAction\":[{\"@type\":\"ReadAction\",\"target\":[\"https:\/\/www.nooteboom.com\/es\/actualizacion-del-programa-de-gondolas-de-cama-baja-para-el-transporte-de-maquinaria\/\"]}]},{\"@type\":\"ImageObject\",\"inLanguage\":\"es\",\"@id\":\"https:\/\/www.nooteboom.com\/es\/actualizacion-del-programa-de-gondolas-de-cama-baja-para-el-transporte-de-maquinaria\/#primaryimage\",\"url\":\"https:\/\/www.nooteboom.com\/wp-content\/uploads\/DSCF2764.jpg\",\"contentUrl\":\"https:\/\/www.nooteboom.com\/wp-content\/uploads\/DSCF2764.jpg\",\"width\":2048,\"height\":1365,\"caption\":\"OSDS semidpelader met hoogwerkvloer\"},{\"@type\":\"BreadcrumbList\",\"@id\":\"https:\/\/www.nooteboom.com\/es\/actualizacion-del-programa-de-gondolas-de-cama-baja-para-el-transporte-de-maquinaria\/#breadcrumb\",\"itemListElement\":[{\"@type\":\"ListItem\",\"position\":1,\"name\":\"Home\",\"item\":\"https:\/\/www.nooteboom.com\/es\/\"},{\"@type\":\"ListItem\",\"position\":2,\"name\":\"Actualizaci\u00f3n del programa de g\u00f3ndolas de cama baja para el transporte de maquinar\u00eda\"}]},{\"@type\":\"WebSite\",\"@id\":\"https:\/\/www.nooteboom.com\/es\/#website\",\"url\":\"https:\/\/www.nooteboom.com\/es\/\",\"name\":\"Nooteboom Trailers\",\"description\":\"Gets you there.\",\"publisher\":{\"@id\":\"https:\/\/www.nooteboom.com\/es\/#organization\"},\"potentialAction\":[{\"@type\":\"SearchAction\",\"target\":{\"@type\":\"EntryPoint\",\"urlTemplate\":\"https:\/\/www.nooteboom.com\/es\/?s={search_term_string}\"},\"query-input\":{\"@type\":\"PropertyValueSpecification\",\"valueRequired\":true,\"valueName\":\"search_term_string\"}}],\"inLanguage\":\"es\"},{\"@type\":\"Organization\",\"@id\":\"https:\/\/www.nooteboom.com\/es\/#organization\",\"name\":\"Nooteboom Trailers\",\"url\":\"https:\/\/www.nooteboom.com\/es\/\",\"logo\":{\"@type\":\"ImageObject\",\"inLanguage\":\"es\",\"@id\":\"https:\/\/www.nooteboom.com\/es\/#\/schema\/logo\/image\/\",\"url\":\"https:\/\/www.nooteboom.com\/wp-content\/uploads\/logo.png\",\"contentUrl\":\"https:\/\/www.nooteboom.com\/wp-content\/uploads\/logo.png\",\"width\":111,\"height\":66,\"caption\":\"Nooteboom Trailers\"},\"image\":{\"@id\":\"https:\/\/www.nooteboom.com\/es\/#\/schema\/logo\/image\/\"},\"sameAs\":[\"https:\/\/nl-nl.facebook.com\/nooteboomtrailers\/\",\"https:\/\/nl.linkedin.com\/company\/nooteboom-trailers\",\"https:\/\/www.youtube.com\/user\/Nooteboomtrailers\"]},{\"@type\":\"Person\",\"@id\":\"https:\/\/www.nooteboom.com\/es\/#\/schema\/person\/375b5d0caf72eccb8a568826d6390b66\",\"name\":\"Xander Kamphuis\",\"image\":{\"@type\":\"ImageObject\",\"inLanguage\":\"es\",\"@id\":\"https:\/\/www.nooteboom.com\/es\/#\/schema\/person\/image\/\",\"url\":\"https:\/\/secure.gravatar.com\/avatar\/a65af99837c9e097867d15cf2c32d9c4?s=96&d=mm&r=g\",\"contentUrl\":\"https:\/\/secure.gravatar.com\/avatar\/a65af99837c9e097867d15cf2c32d9c4?s=96&d=mm&r=g\",\"caption\":\"Xander Kamphuis\"}}]}<\/script>\n<!-- \/ Yoast SEO Premium plugin. -->","yoast_head_json":{"title":"Actualizaci\u00f3n del programa de g\u00f3ndolas de cama baja para el transporte de maquinar\u00eda | Nooteboom Trailers","description":"La gama SMART de g\u00f3ndolas de cama baja ha experimentado una notable actualizaci\u00f3n. La \u00faltima incorporaci\u00f3n es la g\u00f3ndola de cama baja SMART OSDS de 3 ejes ligera con rampa hidr\u00e1ulica al cuello de cisne, cama extensible y ejes de seguimiento de direcci\u00f3n.","robots":{"index":"index","follow":"follow","max-snippet":"max-snippet:-1","max-image-preview":"max-image-preview:large","max-video-preview":"max-video-preview:-1"},"canonical":"https:\/\/www.nooteboom.com\/es\/actualizacion-del-programa-de-gondolas-de-cama-baja-para-el-transporte-de-maquinaria\/","og_locale":"es_ES","og_type":"article","og_title":"Actualizaci\u00f3n del programa de g\u00f3ndolas de cama baja para el transporte de maquinar\u00eda","og_description":"La gama SMART de g\u00f3ndolas de cama baja ha experimentado una notable actualizaci\u00f3n. La \u00faltima incorporaci\u00f3n es la g\u00f3ndola de cama baja SMART OSDS de 3 ejes ligera con rampa hidr\u00e1ulica al cuello de cisne, cama extensible y ejes de seguimiento de direcci\u00f3n.","og_url":"https:\/\/www.nooteboom.com\/es\/actualizacion-del-programa-de-gondolas-de-cama-baja-para-el-transporte-de-maquinaria\/","og_site_name":"Nooteboom Trailers","article_publisher":"https:\/\/nl-nl.facebook.com\/nooteboomtrailers\/","article_published_time":"2020-11-16T09:40:58+00:00","article_modified_time":"2020-11-16T09:43:12+00:00","og_image":[{"width":2048,"height":1365,"url":"https:\/\/www.nooteboom.com\/wp-content\/uploads\/DSCF2764.jpg","type":"image\/jpeg"}],"author":"Xander Kamphuis","twitter_card":"summary_large_image","twitter_misc":{"Escrito por":"Xander Kamphuis","Tiempo de lectura":"4 minutos"},"schema":{"@context":"https:\/\/schema.org","@graph":[{"@type":"Article","@id":"https:\/\/www.nooteboom.com\/es\/actualizacion-del-programa-de-gondolas-de-cama-baja-para-el-transporte-de-maquinaria\/#article","isPartOf":{"@id":"https:\/\/www.nooteboom.com\/es\/actualizacion-del-programa-de-gondolas-de-cama-baja-para-el-transporte-de-maquinaria\/"},"author":{"name":"Xander Kamphuis","@id":"https:\/\/www.nooteboom.com\/es\/#\/schema\/person\/375b5d0caf72eccb8a568826d6390b66"},"headline":"Actualizaci\u00f3n del programa de g\u00f3ndolas de cama baja para el transporte de maquinar\u00eda","datePublished":"2020-11-16T09:40:58+00:00","dateModified":"2020-11-16T09:43:12+00:00","mainEntityOfPage":{"@id":"https:\/\/www.nooteboom.com\/es\/actualizacion-del-programa-de-gondolas-de-cama-baja-para-el-transporte-de-maquinaria\/"},"wordCount":892,"publisher":{"@id":"https:\/\/www.nooteboom.com\/es\/#organization"},"image":{"@id":"https:\/\/www.nooteboom.com\/es\/actualizacion-del-programa-de-gondolas-de-cama-baja-para-el-transporte-de-maquinaria\/#primaryimage"},"thumbnailUrl":"https:\/\/www.nooteboom.com\/wp-content\/uploads\/DSCF2764.jpg","articleSection":["Noticias Nooteboom"],"inLanguage":"es"},{"@type":"WebPage","@id":"https:\/\/www.nooteboom.com\/es\/actualizacion-del-programa-de-gondolas-de-cama-baja-para-el-transporte-de-maquinaria\/","url":"https:\/\/www.nooteboom.com\/es\/actualizacion-del-programa-de-gondolas-de-cama-baja-para-el-transporte-de-maquinaria\/","name":"Actualizaci\u00f3n del programa de g\u00f3ndolas de cama baja para el transporte de maquinar\u00eda | Nooteboom Trailers","isPartOf":{"@id":"https:\/\/www.nooteboom.com\/es\/#website"},"primaryImageOfPage":{"@id":"https:\/\/www.nooteboom.com\/es\/actualizacion-del-programa-de-gondolas-de-cama-baja-para-el-transporte-de-maquinaria\/#primaryimage"},"image":{"@id":"https:\/\/www.nooteboom.com\/es\/actualizacion-del-programa-de-gondolas-de-cama-baja-para-el-transporte-de-maquinaria\/#primaryimage"},"thumbnailUrl":"https:\/\/www.nooteboom.com\/wp-content\/uploads\/DSCF2764.jpg","datePublished":"2020-11-16T09:40:58+00:00","dateModified":"2020-11-16T09:43:12+00:00","description":"La gama SMART de g\u00f3ndolas de cama baja ha experimentado una notable actualizaci\u00f3n. La \u00faltima incorporaci\u00f3n es la g\u00f3ndola de cama baja SMART OSDS de 3 ejes ligera con rampa hidr\u00e1ulica al cuello de cisne, cama extensible y ejes de seguimiento de direcci\u00f3n.","breadcrumb":{"@id":"https:\/\/www.nooteboom.com\/es\/actualizacion-del-programa-de-gondolas-de-cama-baja-para-el-transporte-de-maquinaria\/#breadcrumb"},"inLanguage":"es","potentialAction":[{"@type":"ReadAction","target":["https:\/\/www.nooteboom.com\/es\/actualizacion-del-programa-de-gondolas-de-cama-baja-para-el-transporte-de-maquinaria\/"]}]},{"@type":"ImageObject","inLanguage":"es","@id":"https:\/\/www.nooteboom.com\/es\/actualizacion-del-programa-de-gondolas-de-cama-baja-para-el-transporte-de-maquinaria\/#primaryimage","url":"https:\/\/www.nooteboom.com\/wp-content\/uploads\/DSCF2764.jpg","contentUrl":"https:\/\/www.nooteboom.com\/wp-content\/uploads\/DSCF2764.jpg","width":2048,"height":1365,"caption":"OSDS semidpelader met hoogwerkvloer"},{"@type":"BreadcrumbList","@id":"https:\/\/www.nooteboom.com\/es\/actualizacion-del-programa-de-gondolas-de-cama-baja-para-el-transporte-de-maquinaria\/#breadcrumb","itemListElement":[{"@type":"ListItem","position":1,"name":"Home","item":"https:\/\/www.nooteboom.com\/es\/"},{"@type":"ListItem","position":2,"name":"Actualizaci\u00f3n del programa de g\u00f3ndolas de cama baja para el transporte de maquinar\u00eda"}]},{"@type":"WebSite","@id":"https:\/\/www.nooteboom.com\/es\/#website","url":"https:\/\/www.nooteboom.com\/es\/","name":"Nooteboom Trailers","description":"Gets you there.","publisher":{"@id":"https:\/\/www.nooteboom.com\/es\/#organization"},"potentialAction":[{"@type":"SearchAction","target":{"@type":"EntryPoint","urlTemplate":"https:\/\/www.nooteboom.com\/es\/?s={search_term_string}"},"query-input":{"@type":"PropertyValueSpecification","valueRequired":true,"valueName":"search_term_string"}}],"inLanguage":"es"},{"@type":"Organization","@id":"https:\/\/www.nooteboom.com\/es\/#organization","name":"Nooteboom Trailers","url":"https:\/\/www.nooteboom.com\/es\/","logo":{"@type":"ImageObject","inLanguage":"es","@id":"https:\/\/www.nooteboom.com\/es\/#\/schema\/logo\/image\/","url":"https:\/\/www.nooteboom.com\/wp-content\/uploads\/logo.png","contentUrl":"https:\/\/www.nooteboom.com\/wp-content\/uploads\/logo.png","width":111,"height":66,"caption":"Nooteboom Trailers"},"image":{"@id":"https:\/\/www.nooteboom.com\/es\/#\/schema\/logo\/image\/"},"sameAs":["https:\/\/nl-nl.facebook.com\/nooteboomtrailers\/","https:\/\/nl.linkedin.com\/company\/nooteboom-trailers","https:\/\/www.youtube.com\/user\/Nooteboomtrailers"]},{"@type":"Person","@id":"https:\/\/www.nooteboom.com\/es\/#\/schema\/person\/375b5d0caf72eccb8a568826d6390b66","name":"Xander Kamphuis","image":{"@type":"ImageObject","inLanguage":"es","@id":"https:\/\/www.nooteboom.com\/es\/#\/schema\/person\/image\/","url":"https:\/\/secure.gravatar.com\/avatar\/a65af99837c9e097867d15cf2c32d9c4?s=96&d=mm&r=g","contentUrl":"https:\/\/secure.gravatar.com\/avatar\/a65af99837c9e097867d15cf2c32d9c4?s=96&d=mm&r=g","caption":"Xander Kamphuis"}}]}},"_links":{"self":[{"href":"https:\/\/www.nooteboom.com\/es\/wp-json\/wp\/v2\/posts\/1868055","targetHints":{"allow":["GET"]}}],"collection":[{"href":"https:\/\/www.nooteboom.com\/es\/wp-json\/wp\/v2\/posts"}],"about":[{"href":"https:\/\/www.nooteboom.com\/es\/wp-json\/wp\/v2\/types\/post"}],"author":[{"embeddable":true,"href":"https:\/\/www.nooteboom.com\/es\/wp-json\/wp\/v2\/users\/45"}],"replies":[{"embeddable":true,"href":"https:\/\/www.nooteboom.com\/es\/wp-json\/wp\/v2\/comments?post=1868055"}],"version-history":[{"count":4,"href":"https:\/\/www.nooteboom.com\/es\/wp-json\/wp\/v2\/posts\/1868055\/revisions"}],"predecessor-version":[{"id":1868059,"href":"https:\/\/www.nooteboom.com\/es\/wp-json\/wp\/v2\/posts\/1868055\/revisions\/1868059"}],"wp:featuredmedia":[{"embeddable":true,"href":"https:\/\/www.nooteboom.com\/es\/wp-json\/wp\/v2\/media\/1863302"}],"wp:attachment":[{"href":"https:\/\/www.nooteboom.com\/es\/wp-json\/wp\/v2\/media?parent=1868055"}],"wp:term":[{"taxonomy":"category","embeddable":true,"href":"https:\/\/www.nooteboom.com\/es\/wp-json\/wp\/v2\/categories?post=1868055"},{"taxonomy":"post_tag","embeddable":true,"href":"https:\/\/www.nooteboom.com\/es\/wp-json\/wp\/v2\/tags?post=1868055"}],"curies":[{"name":"wp","href":"https:\/\/api.w.org\/{rel}","templated":true}]}}